{"id":27039,"date":"2025-12-15T14:58:00","date_gmt":"2025-12-15T17:58:00","guid":{"rendered":"https:\/\/cofecon.org.br\/cofecon\/?p=27039"},"modified":"2025-12-15T14:58:01","modified_gmt":"2025-12-15T17:58:01","slug":"dia-da-economia-solidaria","status":"publish","type":"post","link":"https:\/\/cofecon.org.br\/cofecon\/?p=27039","title":{"rendered":"Dia da Economia Solid\u00e1ria\u00a0"},"content":{"rendered":"\n<p>Neste Dia da Economia Solid\u00e1ria, reafirmamos o compromisso com um modelo de desenvolvimento que coloca a vida, o trabalho e a dignidade humana no centro das decis\u00f5es econ\u00f4micas. A Economia Solid\u00e1ria representa uma alternativa concreta \u00e0s desigualdades estruturais, ao promover formas coletivas, democr\u00e1ticas e sustent\u00e1veis de produ\u00e7\u00e3o, comercializa\u00e7\u00e3o e consumo.&nbsp;<\/p>\n\n\n\n<p>Baseada na coopera\u00e7\u00e3o, na autogest\u00e3o e na solidariedade, essa economia fortalece comunidades, gera trabalho e renda, valoriza saberes locais e contribui para a constru\u00e7\u00e3o de um pa\u00eds mais justo, inclusivo e ambientalmente respons\u00e1vel. Em um contexto de profundas transforma\u00e7\u00f5es econ\u00f4micas e sociais, a Economia Solid\u00e1ria reafirma que \u00e9 poss\u00edvel conciliar efici\u00eancia econ\u00f4mica com justi\u00e7a social.&nbsp;<\/p>\n\n\n\n<p>Reconhecemos o papel estrat\u00e9gico das mulheres, dos empreendimentos solid\u00e1rios, das redes comunit\u00e1rias e das pol\u00edticas p\u00fablicas no fortalecimento desse modelo, que amplia oportunidades e promove o desenvolvimento territorial. Defender a Economia Solid\u00e1ria \u00e9 defender o direito ao trabalho digno, \u00e0 participa\u00e7\u00e3o social e \u00e0 redu\u00e7\u00e3o das desigualdades.&nbsp;<\/p>\n\n\n\n<p>Neste dia simb\u00f3lico, reafirmamos nosso apoio \u00e0s iniciativas de Economia Solid\u00e1ria e nosso compromisso com a valoriza\u00e7\u00e3o do trabalho coletivo, da coopera\u00e7\u00e3o e da constru\u00e7\u00e3o de uma economia a servi\u00e7o da sociedade.&nbsp;<\/p>\n\n\n\n<p>15 de dezembro de 2025&nbsp;<\/p>\n\n\n\n<p>Conselho Federal de Economia&nbsp;&nbsp;<\/p>\n\n\n\n<p>Comiss\u00e3o de Responsabilidade Social e Economia Solid\u00e1ria&nbsp;&nbsp;<\/p>\n","protected":false},"excerpt":{"rendered":"<p>Neste Dia da Economia Solid\u00e1ria, reafirmamos o compromisso com um modelo de desenvolvimento que coloca a vida, o trabalho e a dignidade humana no centro das decis\u00f5es econ\u00f4micas. A Economia Solid\u00e1ria representa uma alternativa concreta \u00e0s desigualdades estruturais, ao promover<\/p>\n<p><a class=\"more-link\" href=\"https:\/\/cofecon.org.br\/cofecon\/?p=27039\">Leia Mais<\/a><\/p>\n","protected":false},"author":3,"featured_media":27040,"comment_status":"closed","ping_status":"closed","sticky":false,"template":"","format":"standard","meta":{"footnotes":""},"categories":[1],"tags":[],"class_list":["post-27039","post","type-post","status-publish","format-standard","has-post-thumbnail","hentry","category-sem-categoria"],"_links":{"self":[{"href":"https:\/\/cofecon.org.br\/cofecon\/index.php?rest_route=\/wp\/v2\/posts\/27039"}],"collection":[{"href":"https:\/\/cofecon.org.br\/cofecon\/index.php?rest_route=\/wp\/v2\/posts"}],"about":[{"href":"https:\/\/cofecon.org.br\/cofecon\/index.php?rest_route=\/wp\/v2\/types\/post"}],"author":[{"embeddable":true,"href":"https:\/\/cofecon.org.br\/cofecon\/index.php?rest_route=\/wp\/v2\/users\/3"}],"replies":[{"embeddable":true,"href":"https:\/\/cofecon.org.br\/cofecon\/index.php?rest_route=%2Fwp%2Fv2%2Fcomments&post=27039"}],"version-history":[{"count":1,"href":"https:\/\/cofecon.org.br\/cofecon\/index.php?rest_route=\/wp\/v2\/posts\/27039\/revisions"}],"predecessor-version":[{"id":27041,"href":"https:\/\/cofecon.org.br\/cofecon\/index.php?rest_route=\/wp\/v2\/posts\/27039\/revisions\/27041"}],"wp:featuredmedia":[{"embeddable":true,"href":"https:\/\/cofecon.org.br\/cofecon\/index.php?rest_route=\/wp\/v2\/media\/27040"}],"wp:attachment":[{"href":"https:\/\/cofecon.org.br\/cofecon\/index.php?rest_route=%2Fwp%2Fv2%2Fmedia&parent=27039"}],"wp:term":[{"taxonomy":"category","embeddable":true,"href":"https:\/\/cofecon.org.br\/cofecon\/index.php?rest_route=%2Fwp%2Fv2%2Fcategories&post=27039"},{"taxonomy":"post_tag","embeddable":true,"href":"https:\/\/cofecon.org.br\/cofecon\/index.php?rest_route=%2Fwp%2Fv2%2Ftags&post=27039"}],"curies":[{"name":"wp","href":"https:\/\/api.w.org\/{rel}","templated":true}]}}