{"id":27030,"date":"2025-12-13T13:15:11","date_gmt":"2025-12-13T16:15:11","guid":{"rendered":"https:\/\/cofecon.org.br\/cofecon\/?p=27030"},"modified":"2025-12-13T13:15:12","modified_gmt":"2025-12-13T16:15:12","slug":"tania-cristina-teixeira-e-joao-manoel-goncalves-barbosa-sao-reconduzidos-a-presidencia-do-cofecon","status":"publish","type":"post","link":"https:\/\/cofecon.org.br\/cofecon\/?p=27030","title":{"rendered":"Tania Cristina Teixeira e Jo\u00e3o Manoel Gon\u00e7alves Barbosa s\u00e3o reconduzidos \u00e0 presid\u00eancia do Cofecon"},"content":{"rendered":"\n<p><em>Elei\u00e7\u00e3o reafirma continuidade da gest\u00e3o e prioridades estrat\u00e9gicas do Conselho para 2026<\/em><\/p>\n\n\n\n<p>Os conselheiros federais reelegeram os economistas Tania Cristina Teixeira e Jo\u00e3o Manoel Gon\u00e7alves Barbosa para os cargos de presidenta e vice-presidente do Conselho Federal de Economia (Cofecon), respectivamente, para o ano de 2026. A vota\u00e7\u00e3o ocorreu neste s\u00e1bado, 13 de dezembro, durante a 748\u00aa Sess\u00e3o Plen\u00e1ria, realizada em formato h\u00edbrido, com a participa\u00e7\u00e3o dos conselheiros federais efetivos da autarquia.<\/p>\n\n\n\n<p>Para a presidenta reconduzida, Econ. Tania Cristina Teixeira, os avan\u00e7os obtidos no primeiro mandato foram resultado do empenho coletivo de conselheiros e conselheiras, al\u00e9m do corpo funcional do Cofecon. \u201cOs resultados alcan\u00e7ados no primeiro mandato refletem um trabalho coletivo, pautado pelo di\u00e1logo, pela escuta e pela responsabilidade institucional. Buscamos construir uma gest\u00e3o aberta, que valoriza as contribui\u00e7\u00f5es dos conselheiros, das comiss\u00f5es e do corpo funcional, fortalecendo o Cofecon como um espa\u00e7o plural, comprometido com a valoriza\u00e7\u00e3o da profiss\u00e3o e com a defesa de pautas estruturantes, como o protagonismo feminino e a atualiza\u00e7\u00e3o profissional, a defesa da democracia e da sociedade.\u201d<\/p>\n\n\n\n<p>Em seus agradecimentos, Tania tamb\u00e9m destacou a import\u00e2ncia da continuidade do trabalho desenvolvido. \u201cO primeiro mandato foi um per\u00edodo de muito trabalho, di\u00e1logo e constru\u00e7\u00e3o coletiva, que permitiu importantes avan\u00e7os para o fortalecimento institucional do Cofecon. A recondu\u00e7\u00e3o representa a continuidade desse compromisso. Seguiremos firmes no fortalecimento da pauta do protagonismo feminino, da diversidade, do desenvolvimento socioecon\u00f4mico e ambiental, ampliando espa\u00e7os de participa\u00e7\u00e3o e lideran\u00e7a de todos os economistas. Da mesma forma, continuaremos tratando como prioridade a aprova\u00e7\u00e3o do Projeto de Lei que trata da atualiza\u00e7\u00e3o profissional, essencial para a valoriza\u00e7\u00e3o e o futuro da nossa profiss\u00e3o.\u201d<\/p>\n\n\n\n<p>O vice-presidente Jo\u00e3o Manoel Gon\u00e7alves Barbosa tamb\u00e9m se pronunciou sobre a recondu\u00e7\u00e3o e os desafios do novo per\u00edodo. \u201cAcompanhei de perto os avan\u00e7os conquistados no primeiro mandato da presidenta Tania, especialmente no fortalecimento institucional e na promo\u00e7\u00e3o do protagonismo feminino. Neste novo per\u00edodo, seguiremos trabalhando de forma integrada para consolidar essas conquistas e avan\u00e7ar na aprova\u00e7\u00e3o do Projeto de Lei da atualiza\u00e7\u00e3o profissional, que \u00e9 uma pauta estrat\u00e9gica e priorit\u00e1ria para o Sistema Cofecon\/Corecons.\u201d<\/p>\n","protected":false},"excerpt":{"rendered":"<p>Elei\u00e7\u00e3o reafirma continuidade da gest\u00e3o e prioridades estrat\u00e9gicas do Conselho para 2026 Os conselheiros federais reelegeram os economistas Tania Cristina Teixeira e Jo\u00e3o Manoel Gon\u00e7alves Barbosa para os cargos de presidenta e vice-presidente do Conselho Federal de Economia (Cofecon), respectivamente,<\/p>\n<p><a class=\"more-link\" href=\"https:\/\/cofecon.org.br\/cofecon\/?p=27030\">Leia Mais<\/a><\/p>\n","protected":false},"author":3,"featured_media":27031,"comment_status":"closed","ping_status":"closed","sticky":false,"template":"","format":"standard","meta":{"footnotes":""},"categories":[2],"tags":[],"class_list":["post-27030","post","type-post","status-publish","format-standard","has-post-thumbnail","hentry","category-noticias"],"_links":{"self":[{"href":"https:\/\/cofecon.org.br\/cofecon\/index.php?rest_route=\/wp\/v2\/posts\/27030"}],"collection":[{"href":"https:\/\/cofecon.org.br\/cofecon\/index.php?rest_route=\/wp\/v2\/posts"}],"about":[{"href":"https:\/\/cofecon.org.br\/cofecon\/index.php?rest_route=\/wp\/v2\/types\/post"}],"author":[{"embeddable":true,"href":"https:\/\/cofecon.org.br\/cofecon\/index.php?rest_route=\/wp\/v2\/users\/3"}],"replies":[{"embeddable":true,"href":"https:\/\/cofecon.org.br\/cofecon\/index.php?rest_route=%2Fwp%2Fv2%2Fcomments&post=27030"}],"version-history":[{"count":1,"href":"https:\/\/cofecon.org.br\/cofecon\/index.php?rest_route=\/wp\/v2\/posts\/27030\/revisions"}],"predecessor-version":[{"id":27032,"href":"https:\/\/cofecon.org.br\/cofecon\/index.php?rest_route=\/wp\/v2\/posts\/27030\/revisions\/27032"}],"wp:featuredmedia":[{"embeddable":true,"href":"https:\/\/cofecon.org.br\/cofecon\/index.php?rest_route=\/wp\/v2\/media\/27031"}],"wp:attachment":[{"href":"https:\/\/cofecon.org.br\/cofecon\/index.php?rest_route=%2Fwp%2Fv2%2Fmedia&parent=27030"}],"wp:term":[{"taxonomy":"category","embeddable":true,"href":"https:\/\/cofecon.org.br\/cofecon\/index.php?rest_route=%2Fwp%2Fv2%2Fcategories&post=27030"},{"taxonomy":"post_tag","embeddable":true,"href":"https:\/\/cofecon.org.br\/cofecon\/index.php?rest_route=%2Fwp%2Fv2%2Ftags&post=27030"}],"curies":[{"name":"wp","href":"https:\/\/api.w.org\/{rel}","templated":true}]}}