{"id":27027,"date":"2025-12-13T13:11:30","date_gmt":"2025-12-13T16:11:30","guid":{"rendered":"https:\/\/cofecon.org.br\/cofecon\/?p=27027"},"modified":"2025-12-13T13:11:32","modified_gmt":"2025-12-13T16:11:32","slug":"mocao-de-repudio-ao-aumento-dos-feminicidios-e-da-violencia-contra-as-mulheres-no-brasil","status":"publish","type":"post","link":"https:\/\/cofecon.org.br\/cofecon\/?p=27027","title":{"rendered":"Mo\u00e7\u00e3o de rep\u00fadio ao aumento dos feminic\u00eddios e da viol\u00eancia contra as mulheres no brasil"},"content":{"rendered":"\n<p>A Comiss\u00e3o Mulher Economista e Diversidade do Cofecon, no uso de suas atribui\u00e7\u00f5es e em defesa da dignidade da pessoa humana, vem a p\u00fablico manifestar veemente rep\u00fadio ao crescimento dos casos de feminic\u00eddio e da viol\u00eancia de g\u00eanero contra as mulheres no Brasil. Mesmo com a tipifica\u00e7\u00e3o do feminic\u00eddio como crime hediondo e a vig\u00eancia da Lei Maria da Penha (Lei n\u00ba 11.340\/2006), os dados revelam uma realidade cada vez mais alarmante.&nbsp;<\/p>\n\n\n\n<p>Esse cen\u00e1rio exige a\u00e7\u00f5es imediatas e articuladas nas esferas municipal, estadual e federal, com a efetiva implementa\u00e7\u00e3o de pol\u00edticas p\u00fablicas de preven\u00e7\u00e3o e de atendimento \u00e0s mulheres.&nbsp;<\/p>\n\n\n\n<p>N\u00f3s, mulheres economistas, nos solidarizamos e nos unimos \u00e0s mulheres brasileiras na luta pela erradica\u00e7\u00e3o de todas as formas de viol\u00eancia.&nbsp;<\/p>\n\n\n\n<p>Reafirmamos, por fim, nosso compromisso incondicional com a promo\u00e7\u00e3o da igualdade de g\u00eanero, o enfrentamento do machismo estrutural e a defesa da vida e da dignidade das mulheres brasileiras.&nbsp;<\/p>\n\n\n\n<p>Bras\u00edlia, 13 de dezembro de 2025&nbsp;<\/p>\n\n\n\n<p><strong>Comiss\u00e3o Mulher Economista e Diversidade<\/strong>&nbsp;<br><strong>Conselho Federal de Economia<\/strong>&nbsp;<\/p>\n","protected":false},"excerpt":{"rendered":"<p>A Comiss\u00e3o Mulher Economista e Diversidade do Cofecon, no uso de suas atribui\u00e7\u00f5es e em defesa da dignidade da pessoa humana, vem a p\u00fablico manifestar veemente rep\u00fadio ao crescimento dos casos de feminic\u00eddio e da viol\u00eancia de g\u00eanero contra as<\/p>\n<p><a class=\"more-link\" href=\"https:\/\/cofecon.org.br\/cofecon\/?p=27027\">Leia Mais<\/a><\/p>\n","protected":false},"author":3,"featured_media":27028,"comment_status":"closed","ping_status":"closed","sticky":false,"template":"","format":"standard","meta":{"footnotes":""},"categories":[2],"tags":[],"class_list":["post-27027","post","type-post","status-publish","format-standard","has-post-thumbnail","hentry","category-noticias"],"_links":{"self":[{"href":"https:\/\/cofecon.org.br\/cofecon\/index.php?rest_route=\/wp\/v2\/posts\/27027"}],"collection":[{"href":"https:\/\/cofecon.org.br\/cofecon\/index.php?rest_route=\/wp\/v2\/posts"}],"about":[{"href":"https:\/\/cofecon.org.br\/cofecon\/index.php?rest_route=\/wp\/v2\/types\/post"}],"author":[{"embeddable":true,"href":"https:\/\/cofecon.org.br\/cofecon\/index.php?rest_route=\/wp\/v2\/users\/3"}],"replies":[{"embeddable":true,"href":"https:\/\/cofecon.org.br\/cofecon\/index.php?rest_route=%2Fwp%2Fv2%2Fcomments&post=27027"}],"version-history":[{"count":1,"href":"https:\/\/cofecon.org.br\/cofecon\/index.php?rest_route=\/wp\/v2\/posts\/27027\/revisions"}],"predecessor-version":[{"id":27029,"href":"https:\/\/cofecon.org.br\/cofecon\/index.php?rest_route=\/wp\/v2\/posts\/27027\/revisions\/27029"}],"wp:featuredmedia":[{"embeddable":true,"href":"https:\/\/cofecon.org.br\/cofecon\/index.php?rest_route=\/wp\/v2\/media\/27028"}],"wp:attachment":[{"href":"https:\/\/cofecon.org.br\/cofecon\/index.php?rest_route=%2Fwp%2Fv2%2Fmedia&parent=27027"}],"wp:term":[{"taxonomy":"category","embeddable":true,"href":"https:\/\/cofecon.org.br\/cofecon\/index.php?rest_route=%2Fwp%2Fv2%2Fcategories&post=27027"},{"taxonomy":"post_tag","embeddable":true,"href":"https:\/\/cofecon.org.br\/cofecon\/index.php?rest_route=%2Fwp%2Fv2%2Ftags&post=27027"}],"curies":[{"name":"wp","href":"https:\/\/api.w.org\/{rel}","templated":true}]}}