{"id":27024,"date":"2025-12-12T18:13:26","date_gmt":"2025-12-12T21:13:26","guid":{"rendered":"https:\/\/cofecon.org.br\/cofecon\/?p=27024"},"modified":"2025-12-12T18:13:28","modified_gmt":"2025-12-12T21:13:28","slug":"esta-no-ar-o-e-book-reflexoes-sobre-sustentabilidade-justica-climatica-e-desenvolvimento","status":"publish","type":"post","link":"https:\/\/cofecon.org.br\/cofecon\/?p=27024","title":{"rendered":"Est\u00e1 no ar o e-book \u201cReflex\u00f5es sobre Sustentabilidade, Justi\u00e7a Clim\u00e1tica e Desenvolvimento\u201d"},"content":{"rendered":"\n<p><em>Publica\u00e7\u00e3o foi apresentada nesta sexta-feira (12) pela conselheira Elis Braga Licks e cont\u00e9m diagn\u00f3sticos, dados, propostas e outros textos sobre o assunto<\/em><\/p>\n\n\n\n<p>Est\u00e1 no ar o e-book \u201cReflex\u00f5es sobre Sustentabilidade, Justi\u00e7a Clim\u00e1tica e Desenvolvimento\u201d, produzido pela Comiss\u00e3o Sustentabilidade Econ\u00f4mica e Ambiental do Cofecon! A publica\u00e7\u00e3o foi divulgada nesta sexta-feira (12) pela coordenadora da Comiss\u00e3o, conselheira Elis Braga Licks, por ocasi\u00e3o da 748\u00aa Sess\u00e3o Plen\u00e1ria do Cofecon, e pode ser acessada clicando <a href=\"https:\/\/online.flippingbook.com\/view\/187897147\/\">AQUI<\/a>.<\/p>\n\n\n\n<p>\u201cEste documento sintetiza meses de debate, an\u00e1lise e constru\u00e7\u00e3o coletiva dentro do Sistema Cofecon\/Corecons. Ele nasce da compreens\u00e3o de que o Brasil viveu um momento hist\u00f3rico com a COP30 acontecendo na Amaz\u00f4nia, reunindo economistas, pesquisadores, formuladores de pol\u00edticas p\u00fablicas e a sociedade civil\u201d, comentou Elis. \u201cA sustentabilidade n\u00e3o \u00e9 uma agenda paralela, mas um eixo estruturante para pensar o desenvolvimento nacional. O documento reafirma que n\u00e3o haver\u00e1 poss\u00edvel futuro sem coer\u00eancia entre os discursos e pr\u00e1tica. Espero que este e-book inspire economistas, gestores p\u00fablicos, estudantes, pesquisadores e cidad\u00e3os a se engajarem na constru\u00e7\u00e3o de solu\u00e7\u00f5es que enfrentem a crise clim\u00e1tica e promovam justi\u00e7a social\u201d.<\/p>\n\n\n\n<p>&nbsp;A publica\u00e7\u00e3o \u00e9 dividida em cinco partes: diagn\u00f3stico (identificando riscos e vulnerabilidades socioambientais), fatos e dados (evid\u00eancias cient\u00edficas e econ\u00f4micas), propostas (recomenda\u00e7\u00f5es estrat\u00e9gicas para um projeto nacional de transi\u00e7\u00e3o ecol\u00f3gica justa), produ\u00e7\u00e3o e divulga\u00e7\u00e3o (com mat\u00e9rias e podcasts produzidos) e considera\u00e7\u00f5es finais.<\/p>\n\n\n\n<p>No diagn\u00f3stico, o texto chama a aten\u00e7\u00e3o para o fato de que mais de um milh\u00e3o de esp\u00e9cies vegetais e animais est\u00e3o sob risco de extin\u00e7\u00e3o e que 70% dos sinais vitais da Terra encontram-se em estado cr\u00edtico. \u201cHistoricamente, depois de dez mil anos de relativa estabilidade clim\u00e1tica, conseguimos, com nossa economia linear, desequilibrar a base f\u00edsica do clima\u201d.<\/p>\n\n\n\n<p>As propostas trazidas envolvem um projeto nacional de desenvolvimento sustent\u00e1vel, uma pol\u00edtica de ci\u00eancia, tecnologia e inova\u00e7\u00e3o para a transi\u00e7\u00e3o ecol\u00f3gica nos meios rural e urbano, a valora\u00e7\u00e3o ecol\u00f3gica justa, o pagamento por servi\u00e7os socioambientais, uma nova conven\u00e7\u00e3o de desenvolvimento econ\u00f4mico verde e sustent\u00e1vel e a renda b\u00e1sica como instrumento de justi\u00e7a redistributiva e transi\u00e7\u00e3o justa, entre outras.<\/p>\n\n\n\n<p>As mat\u00e9rias e podcasts abarcam a s\u00e9rie de webin\u00e1rios realizada pela Comiss\u00e3o, com os seguintes, temas, datas e convidados:<\/p>\n\n\n\n<ul class=\"wp-block-list\">\n<li>14\/05 \u2013 Desafios do desenvolvimento clim\u00e1tico, com Beatriz Macchione Saes;<\/li>\n\n\n\n<li>28\/05 \u2013 Desenvolvimento e natureza, com Clovis Cavalcanti;<\/li>\n\n\n\n<li>10\/06 \u2013 Custos econ\u00f4micos das mudan\u00e7as clim\u00e1ticas, com Carlos Eduardo Young;<\/li>\n\n\n\n<li>25\/06 \u2013 Justi\u00e7a clim\u00e1tica, com F\u00e1bio Feldman e Gilberto Natalini;<\/li>\n\n\n\n<li>09\/07 \u2013 Bioeconomia e economia circular, com Anast\u00e1cio Peralta e Lucas Lima;<\/li>\n\n\n\n<li>23\/07 \u2013 Minera\u00e7\u00e3o, com Ricardo Ruiz e Renato Ciminelli;<\/li>\n\n\n\n<li>08\/10 \u2013 Agricultura regenerativa, com Luiz Fernando Guedes, Ricardo Abramovay e Ademar Romeiro;<\/li>\n\n\n\n<li>24\/09 \u2013 Finan\u00e7as sustent\u00e1veis, com tereza Cristina Carvalho, Ronaldo Ser\u00f4a da Motta e Carmem Feijo.<\/li>\n<\/ul>\n","protected":false},"excerpt":{"rendered":"<p>Publica\u00e7\u00e3o foi apresentada nesta sexta-feira (12) pela conselheira Elis Braga Licks e cont\u00e9m diagn\u00f3sticos, dados, propostas e outros textos sobre o assunto Est\u00e1 no ar o e-book \u201cReflex\u00f5es sobre Sustentabilidade, Justi\u00e7a Clim\u00e1tica e Desenvolvimento\u201d, produzido pela Comiss\u00e3o Sustentabilidade Econ\u00f4mica e<\/p>\n<p><a class=\"more-link\" href=\"https:\/\/cofecon.org.br\/cofecon\/?p=27024\">Leia Mais<\/a><\/p>\n","protected":false},"author":3,"featured_media":27025,"comment_status":"closed","ping_status":"closed","sticky":false,"template":"","format":"standard","meta":{"footnotes":""},"categories":[2],"tags":[],"class_list":["post-27024","post","type-post","status-publish","format-standard","has-post-thumbnail","hentry","category-noticias"],"_links":{"self":[{"href":"https:\/\/cofecon.org.br\/cofecon\/index.php?rest_route=\/wp\/v2\/posts\/27024"}],"collection":[{"href":"https:\/\/cofecon.org.br\/cofecon\/index.php?rest_route=\/wp\/v2\/posts"}],"about":[{"href":"https:\/\/cofecon.org.br\/cofecon\/index.php?rest_route=\/wp\/v2\/types\/post"}],"author":[{"embeddable":true,"href":"https:\/\/cofecon.org.br\/cofecon\/index.php?rest_route=\/wp\/v2\/users\/3"}],"replies":[{"embeddable":true,"href":"https:\/\/cofecon.org.br\/cofecon\/index.php?rest_route=%2Fwp%2Fv2%2Fcomments&post=27024"}],"version-history":[{"count":1,"href":"https:\/\/cofecon.org.br\/cofecon\/index.php?rest_route=\/wp\/v2\/posts\/27024\/revisions"}],"predecessor-version":[{"id":27026,"href":"https:\/\/cofecon.org.br\/cofecon\/index.php?rest_route=\/wp\/v2\/posts\/27024\/revisions\/27026"}],"wp:featuredmedia":[{"embeddable":true,"href":"https:\/\/cofecon.org.br\/cofecon\/index.php?rest_route=\/wp\/v2\/media\/27025"}],"wp:attachment":[{"href":"https:\/\/cofecon.org.br\/cofecon\/index.php?rest_route=%2Fwp%2Fv2%2Fmedia&parent=27024"}],"wp:term":[{"taxonomy":"category","embeddable":true,"href":"https:\/\/cofecon.org.br\/cofecon\/index.php?rest_route=%2Fwp%2Fv2%2Fcategories&post=27024"},{"taxonomy":"post_tag","embeddable":true,"href":"https:\/\/cofecon.org.br\/cofecon\/index.php?rest_route=%2Fwp%2Fv2%2Ftags&post=27024"}],"curies":[{"name":"wp","href":"https:\/\/api.w.org\/{rel}","templated":true}]}}