{"id":27021,"date":"2025-12-12T16:28:54","date_gmt":"2025-12-12T19:28:54","guid":{"rendered":"https:\/\/cofecon.org.br\/cofecon\/?p=27021"},"modified":"2025-12-12T16:28:55","modified_gmt":"2025-12-12T19:28:55","slug":"banco-mundial-apresentou-relatorio-com-caminhos-para-a-regiao-nordeste","status":"publish","type":"post","link":"https:\/\/cofecon.org.br\/cofecon\/?p=27021","title":{"rendered":"Banco Mundial apresentou relat\u00f3rio com caminhos para a regi\u00e3o Nordeste"},"content":{"rendered":"\n<p><em>Cerim\u00f4nia de entrega do documento ocorreu na Superintend\u00eancia do Desenvolvimento do Nordeste. Cofecon foi representado pela conselheira federal Ana Cl\u00e1udia Arruda<\/em><\/p>\n\n\n\n<p>A Superintend\u00eancia do Desenvolvimento do Nordeste (Sudene) recebeu nesta quinta-feira (11) a vers\u00e3o definitiva do relat\u00f3rio \u201cRotas para o Nordeste: Produtividade, Empregos e Inclus\u00e3o\u201d, produzido pelo Banco Mundial. O evento de entrega reuniu representantes de diversas institui\u00e7\u00f5es e o Cofecon foi representado pela conselheira federal Ana Cl\u00e1udia Arruda, coordenadora da Comiss\u00e3o de Desenvolvimento Regional e Local.<\/p>\n\n\n\n<p>\u201cO relat\u00f3rio faz um diagn\u00f3stico muito profundo e provocativo da regi\u00e3o Nordeste. A ideia \u00e9 que, a partir dele, as institui\u00e7\u00f5es repensem suas estrat\u00e9gias de desenvolvimento para que possamos realmente ter transforma\u00e7\u00f5es estruturais nos pr\u00f3ximos 20 ou 30 anos e encontremos efetivamente os motores do desenvolvimento regional\u201d, comentou Ana Cl\u00e1udia. \u201cDestacamos a necessidade do chamado Plano Nacional de Desenvolvimento Integrado, porque o Nordeste, ao mesmo tempo que se apresenta como um problema, \u00e9 tamb\u00e9m uma solu\u00e7\u00e3o. Temos setores estrat\u00e9gicos, como o de energia, mas os indicadores ainda s\u00e3o insuficientes para criar um dinamismo interno\u201d.<\/p>\n\n\n\n<p>A conselheira federal participou do debate do documento representando a Comiss\u00e3o de Desenvolvimento Regional do Cofecon: \u201cApontei quest\u00f5es como o tratamento da pobreza e da pobreza extrema: 55% da popula\u00e7\u00e3o brasileira em extrema pobreza e 46% da popula\u00e7\u00e3o pobre est\u00e1 no Nordeste. O Banco Mundial tamb\u00e9m questiona a ascens\u00e3o das pessoas: quem nasce pobre na regi\u00e3o Nordeste dificilmente consegue ascender socialmente. No Brasil \u00e9 dif\u00edcil, e no Nordeste ainda mais\u201d.<\/p>\n\n\n\n<p>Outro ponto importante que o relat\u00f3rio traz diz respeito ao financiamento \u00e0 infraestrutura. \u201cIsso foi deixado de lado nos \u00faltimos dez anos, o que aprofundou ainda mais as quest\u00f5es sociais e a din\u00e2mica econ\u00f4mica. O relat\u00f3rio tamb\u00e9m debate a produtividade, a quest\u00e3o das empresas pouco produtivas\u201d, observa a economista. \u201c\u00c9 preciso um olhar mais atento, uma recupera\u00e7\u00e3o das institui\u00e7\u00f5es que fazem desenvolvimento regional, como os bancos de desenvolvimento, a Sudene, o Cons\u00f3rcio Nordeste, para que possamos mudar esta situa\u00e7\u00e3o\u201d.<\/p>\n\n\n\n<p>Al\u00e9m do Cofecon, diversas institui\u00e7\u00f5es envolvidas na agenda do desenvolvimento regional estiveram presentes na apresenta\u00e7\u00e3o do relat\u00f3rio \u2013 entre elas, o Programa das Na\u00e7\u00f5es Unidas para o Desenvolvimento (PNUD Brasil), as Funda\u00e7\u00f5es de Amparo \u00e0 Pesquisa e Secretarias Estaduais da Fazenda de v\u00e1rios dos estados nordestinos, al\u00e9m da pr\u00f3pria Sudene e do Minist\u00e9rio da Gest\u00e3o e da Inova\u00e7\u00e3o em Servi\u00e7os P\u00fablicos.<\/p>\n\n\n\n<p><strong>O estudo<\/strong><\/p>\n\n\n\n<p>O estudo mostra que o Nordeste tem um papel importante na prosperidade do Brasil. Com 54 milh\u00f5es de habitantes (sendo 80% em idade ativa), a regi\u00e3o oferece um dos maiores e mais din\u00e2micos contingentes de m\u00e3o de obra no Brasil. A regi\u00e3o tamb\u00e9m se destaca na transi\u00e7\u00e3o energ\u00e9tica, com 91% da energia e\u00f3lica e 42% da energia solar no Brasil.<\/p>\n\n\n\n<p>O relat\u00f3rio tamb\u00e9m aponta que, nos \u00faltimos anos, o crescimento da regi\u00e3o foi impulsionado pela agricultura \u2013 o que limita o ritmo de converg\u00eancia e as oportunidades de emprego para uma for\u00e7a de trabalho majoritariamente urbana. Al\u00e9m disso, as empresas do Nordeste, que j\u00e1 s\u00e3o menos produtivas do que a m\u00e9dia nacional, est\u00e3o encolhendo. O texto tamb\u00e9m cita a infraestrutura defasada e a dificuldade de converter os avan\u00e7os em capital humano em resultados.<\/p>\n\n\n\n<p>Para ajudar a regi\u00e3o a alcan\u00e7ar seu pleno potencial, o relat\u00f3rio indica tr\u00eas principais linhas de a\u00e7\u00e3o:<\/p>\n\n\n\n<ul class=\"wp-block-list\">\n<li>Empregos: com desemprego e informalidade em n\u00edveis superiores ao restante do Brasil, o estudo recomenda aprimorar os sistemas de intermedia\u00e7\u00e3o de m\u00e3o de obra (para conectar pessoas \u00e0s vagas) e focar em ind\u00fastrias em crescimento para oferecer empregos de melhor qualidade. Tamb\u00e9m prop\u00f5e a cria\u00e7\u00e3o de pol\u00edticas para apoiar mulheres e grupos marginalizados, tornando o mercado mais inclusivo.<\/li>\n\n\n\n<li>Melhoria do ambiente de neg\u00f3cios: para estimular o empreendedorismo e atrair investimentos, o Banco Mundial recomenda simplificar procedimentos de abertura de empresas e rotinas administrativas, fomentar a concorr\u00eancia e reduzir a depend\u00eancia de subs\u00eddios fiscais e de cr\u00e9dito ineficientes (que tendem a diminuir a produtividade e concentrar mercados).<\/li>\n\n\n\n<li>Infraestrutura: Investimentos em rodovias, ferrovias e redes digitais e melhorias em \u00e1gua e saneamento, com incentivos \u00e0 participa\u00e7\u00e3o do setor privado por meio de parcerias bem desenhadas.<\/li>\n<\/ul>\n\n\n\n<p>O relat\u00f3rio do Banco Mundial pode ser acessado clicando <a href=\"https:\/\/documents1.worldbank.org\/curated\/en\/099120225111023071\/pdf\/P179494-c98629d9-efb5-4e1c-802f-9c01ebcb1729.pdf\">AQUI<\/a>.<\/p>\n","protected":false},"excerpt":{"rendered":"<p>Cerim\u00f4nia de entrega do documento ocorreu na Superintend\u00eancia do Desenvolvimento do Nordeste. Cofecon foi representado pela conselheira federal Ana Cl\u00e1udia Arruda A Superintend\u00eancia do Desenvolvimento do Nordeste (Sudene) recebeu nesta quinta-feira (11) a vers\u00e3o definitiva do relat\u00f3rio \u201cRotas para o<\/p>\n<p><a class=\"more-link\" href=\"https:\/\/cofecon.org.br\/cofecon\/?p=27021\">Leia Mais<\/a><\/p>\n","protected":false},"author":3,"featured_media":27023,"comment_status":"closed","ping_status":"closed","sticky":false,"template":"","format":"standard","meta":{"footnotes":""},"categories":[2],"tags":[],"class_list":["post-27021","post","type-post","status-publish","format-standard","has-post-thumbnail","hentry","category-noticias"],"_links":{"self":[{"href":"https:\/\/cofecon.org.br\/cofecon\/index.php?rest_route=\/wp\/v2\/posts\/27021"}],"collection":[{"href":"https:\/\/cofecon.org.br\/cofecon\/index.php?rest_route=\/wp\/v2\/posts"}],"about":[{"href":"https:\/\/cofecon.org.br\/cofecon\/index.php?rest_route=\/wp\/v2\/types\/post"}],"author":[{"embeddable":true,"href":"https:\/\/cofecon.org.br\/cofecon\/index.php?rest_route=\/wp\/v2\/users\/3"}],"replies":[{"embeddable":true,"href":"https:\/\/cofecon.org.br\/cofecon\/index.php?rest_route=%2Fwp%2Fv2%2Fcomments&post=27021"}],"version-history":[{"count":1,"href":"https:\/\/cofecon.org.br\/cofecon\/index.php?rest_route=\/wp\/v2\/posts\/27021\/revisions"}],"predecessor-version":[{"id":27022,"href":"https:\/\/cofecon.org.br\/cofecon\/index.php?rest_route=\/wp\/v2\/posts\/27021\/revisions\/27022"}],"wp:featuredmedia":[{"embeddable":true,"href":"https:\/\/cofecon.org.br\/cofecon\/index.php?rest_route=\/wp\/v2\/media\/27023"}],"wp:attachment":[{"href":"https:\/\/cofecon.org.br\/cofecon\/index.php?rest_route=%2Fwp%2Fv2%2Fmedia&parent=27021"}],"wp:term":[{"taxonomy":"category","embeddable":true,"href":"https:\/\/cofecon.org.br\/cofecon\/index.php?rest_route=%2Fwp%2Fv2%2Fcategories&post=27021"},{"taxonomy":"post_tag","embeddable":true,"href":"https:\/\/cofecon.org.br\/cofecon\/index.php?rest_route=%2Fwp%2Fv2%2Ftags&post=27021"}],"curies":[{"name":"wp","href":"https:\/\/api.w.org\/{rel}","templated":true}]}}