{"id":27015,"date":"2025-12-14T08:00:00","date_gmt":"2025-12-14T11:00:00","guid":{"rendered":"https:\/\/cofecon.org.br\/cofecon\/?p=27015"},"modified":"2025-12-12T15:58:01","modified_gmt":"2025-12-12T18:58:01","slug":"retrospectiva-2025-revista-economistas","status":"publish","type":"post","link":"https:\/\/cofecon.org.br\/cofecon\/?p=27015","title":{"rendered":"Retrospectiva 2025 &#8211; Revista Economistas"},"content":{"rendered":"\n<p><strong>Revista Economistas #55 \u2013 Mulheres Economistas<\/strong><\/p>\n\n\n\n<p>A edi\u00e7\u00e3o n\u00ba 55 da Revista Economistas, publicada em mar\u00e7o de 2025, foi dedicada \u00e0s mulheres e organizada pela Comiss\u00e3o Mulher Economista e Diversidade, consolidando uma tradi\u00e7\u00e3o das edi\u00e7\u00f5es de mar\u00e7o da revista. A publica\u00e7\u00e3o reuniu artigos escritos exclusivamente por economistas mulheres, que analisaram a rela\u00e7\u00e3o entre economia e g\u00eanero, explorando temas como o impacto do trabalho dom\u00e9stico n\u00e3o remunerado, o custo da viol\u00eancia contra a mulher, a sub-representa\u00e7\u00e3o feminina na ci\u00eancia econ\u00f4mica e as desigualdades persistentes no mercado de trabalho. A edi\u00e7\u00e3o tamb\u00e9m destacou o papel da equidade de g\u00eanero como motor de crescimento econ\u00f4mico e inova\u00e7\u00e3o, refor\u00e7ando a import\u00e2ncia de ampliar o protagonismo feminino nas decis\u00f5es econ\u00f4micas e pol\u00edticas.<\/p>\n\n\n\n<p>A edi\u00e7\u00e3o apresenta uma mat\u00e9ria especial sobre a posse de Tania Cristina Teixeira como presidenta do Cofecon, um marco hist\u00f3rico que simbolizou o avan\u00e7o da representatividade feminina na profiss\u00e3o de economista. Os artigos abordaram ainda temas como as pol\u00edticas p\u00fablicas de g\u00eanero, o superendividamento feminino, os vieses cognitivos nas institui\u00e7\u00f5es financeiras e o papel das mulheres na transforma\u00e7\u00e3o do sistema econ\u00f4mico. A publica\u00e7\u00e3o celebrou as conquistas alcan\u00e7adas e homenageou as economistas que abriram caminho para novas gera\u00e7\u00f5es, reafirmando o compromisso da categoria com a inclus\u00e3o, a igualdade e a sustentabilidade na constru\u00e7\u00e3o de um futuro mais justo.<\/p>\n\n\n\n<p>Confira a revista clicando <a href=\"https:\/\/cofecon.org.br\/cofecon\/wp-content\/uploads\/2025\/09\/Revista-Economistas-Marco-2025.pdf\">AQUI.<\/a><\/p>\n\n\n\n<p><strong>Revista Economistas #56 \u2013 Desenvolvimento sustent\u00e1vel: a hora \u00e9 agora<\/strong><\/p>\n\n\n\n<p>A edi\u00e7\u00e3o n\u00ba 56 da Revista Economistas teve como tema central a sustentabilidade e o desenvolvimento, refletindo a urg\u00eancia das transforma\u00e7\u00f5es necess\u00e1rias diante das mudan\u00e7as clim\u00e1ticas e da aproxima\u00e7\u00e3o da COP30, realizada em Bel\u00e9m. A publica\u00e7\u00e3o apresentou uma an\u00e1lise profunda sobre os desafios ambientais e econ\u00f4micos enfrentados pelo Brasil e pelo mundo, destacando o papel essencial dos economistas na constru\u00e7\u00e3o de modelos de crescimento que conciliavam prosperidade, justi\u00e7a social e preserva\u00e7\u00e3o ambiental. A revista reuniu estudos que discutiram desde o impacto econ\u00f4mico dos desastres ambientais at\u00e9 quest\u00f5es estruturais, como neoindustrializa\u00e7\u00e3o, refugiados clim\u00e1ticos e a import\u00e2ncia da Amaz\u00f4nia na agenda global.<\/p>\n\n\n\n<p>Entre os destaques estiveram artigos que abordaram temas como a estabilidade financeira frente \u00e0 emerg\u00eancia clim\u00e1tica, a depend\u00eancia do Brasil na exporta\u00e7\u00e3o de commodities, os desafios da eletrifica\u00e7\u00e3o e da reciclagem de baterias e o papel estrat\u00e9gico dos economistas na jornada ESG. Cada texto trouxe reflex\u00f5es e solu\u00e7\u00f5es pr\u00e1ticas para um futuro mais sustent\u00e1vel, mostrando que a transi\u00e7\u00e3o ecol\u00f3gica j\u00e1 se consolidava como um imperativo econ\u00f4mico e social. A leitura se mostrou indispens\u00e1vel para compreender como a sustentabilidade havia se tornado eixo central das pol\u00edticas p\u00fablicas, da produ\u00e7\u00e3o e das decis\u00f5es financeiras no s\u00e9culo XXI.<\/p>\n\n\n\n<p>Leia a publica\u00e7\u00e3o clicando <a href=\"http:\/\/chrome-extension:\/\/efaidnbmnnnibpcajpcglclefindmkaj\/https:\/\/cofecon.org.br\/cofecon\/wp-content\/uploads\/2025\/10\/2-Revista-Economistas-Junho-2025_final.pdf\">AQUI.<\/a><\/p>\n\n\n\n<p><strong>Revista Economistas #57 \u2013 Da Desigualdade \u00e0 Prosperidade<\/strong><\/p>\n\n\n\n<p>J\u00e1 est\u00e1 dispon\u00edvel a edi\u00e7\u00e3o n\u00ba 57 da Revista Economistas, que traz como tema central \u201cDa Desigualdade \u00e0 Prosperidade\u201d. A publica\u00e7\u00e3o apresenta uma entrevista exclusiva com o presidente do BNDES, Aloizio Mercadante, na qual ele discute o papel renovado do banco no apoio \u00e0s pol\u00edticas de desenvolvimento nacional, com foco na neoindustrializa\u00e7\u00e3o, na transi\u00e7\u00e3o ecol\u00f3gica e na redu\u00e7\u00e3o das desigualdades regionais. A revista tamb\u00e9m aborda o debate realizado em Bras\u00edlia, no Dia do Economista, reunindo especialistas para discutir os desafios territoriais do pa\u00eds e os caminhos para um modelo econ\u00f4mico mais justo e sustent\u00e1vel.<\/p>\n\n\n\n<p>A edi\u00e7\u00e3o traz um conjunto de artigos que analisam, a partir de diferentes perspectivas, estrat\u00e9gias e pol\u00edticas p\u00fablicas para superar as desigualdades regionais no Brasil. Entre os temas abordados est\u00e3o a resili\u00eancia urbana frente aos riscos clim\u00e1ticos, os desafios da integra\u00e7\u00e3o sustent\u00e1vel na Amaz\u00f4nia, pol\u00edticas territoriais de desenvolvimento, experi\u00eancias estaduais e o papel dos munic\u00edpios na promo\u00e7\u00e3o da economia local.<\/p>\n\n\n\n<p>Leia a revista na \u00edntegra em <a href=\"https:\/\/online.flippingbook.com\/view\/670185407\/\">https:\/\/online.flippingbook.com\/view\/670185407\/<\/a><\/p>\n\n\n\n<p>A edi\u00e7\u00e3o #58 ser\u00e1 lan\u00e7ada em dezembro e trar\u00e1 o Caderno Especial da Economia Solid\u00e1ria.<\/p>\n","protected":false},"excerpt":{"rendered":"<p>Revista Economistas #55 \u2013 Mulheres Economistas A edi\u00e7\u00e3o n\u00ba 55 da Revista Economistas, publicada em mar\u00e7o de 2025, foi dedicada \u00e0s mulheres e organizada pela Comiss\u00e3o Mulher Economista e Diversidade, consolidando uma tradi\u00e7\u00e3o das edi\u00e7\u00f5es de mar\u00e7o da revista. A<\/p>\n<p><a class=\"more-link\" href=\"https:\/\/cofecon.org.br\/cofecon\/?p=27015\">Leia Mais<\/a><\/p>\n","protected":false},"author":3,"featured_media":26871,"comment_status":"closed","ping_status":"closed","sticky":false,"template":"","format":"standard","meta":{"footnotes":""},"categories":[2],"tags":[],"class_list":["post-27015","post","type-post","status-publish","format-standard","has-post-thumbnail","hentry","category-noticias"],"_links":{"self":[{"href":"https:\/\/cofecon.org.br\/cofecon\/index.php?rest_route=\/wp\/v2\/posts\/27015"}],"collection":[{"href":"https:\/\/cofecon.org.br\/cofecon\/index.php?rest_route=\/wp\/v2\/posts"}],"about":[{"href":"https:\/\/cofecon.org.br\/cofecon\/index.php?rest_route=\/wp\/v2\/types\/post"}],"author":[{"embeddable":true,"href":"https:\/\/cofecon.org.br\/cofecon\/index.php?rest_route=\/wp\/v2\/users\/3"}],"replies":[{"embeddable":true,"href":"https:\/\/cofecon.org.br\/cofecon\/index.php?rest_route=%2Fwp%2Fv2%2Fcomments&post=27015"}],"version-history":[{"count":1,"href":"https:\/\/cofecon.org.br\/cofecon\/index.php?rest_route=\/wp\/v2\/posts\/27015\/revisions"}],"predecessor-version":[{"id":27016,"href":"https:\/\/cofecon.org.br\/cofecon\/index.php?rest_route=\/wp\/v2\/posts\/27015\/revisions\/27016"}],"wp:featuredmedia":[{"embeddable":true,"href":"https:\/\/cofecon.org.br\/cofecon\/index.php?rest_route=\/wp\/v2\/media\/26871"}],"wp:attachment":[{"href":"https:\/\/cofecon.org.br\/cofecon\/index.php?rest_route=%2Fwp%2Fv2%2Fmedia&parent=27015"}],"wp:term":[{"taxonomy":"category","embeddable":true,"href":"https:\/\/cofecon.org.br\/cofecon\/index.php?rest_route=%2Fwp%2Fv2%2Fcategories&post=27015"},{"taxonomy":"post_tag","embeddable":true,"href":"https:\/\/cofecon.org.br\/cofecon\/index.php?rest_route=%2Fwp%2Fv2%2Ftags&post=27015"}],"curies":[{"name":"wp","href":"https:\/\/api.w.org\/{rel}","templated":true}]}}