{"id":27013,"date":"2025-12-13T08:00:00","date_gmt":"2025-12-13T11:00:00","guid":{"rendered":"https:\/\/cofecon.org.br\/cofecon\/?p=27013"},"modified":"2025-12-12T15:57:51","modified_gmt":"2025-12-12T18:57:51","slug":"cartas-regionais-da-economia-2025-perspectivas-e-compromissos-para-o-desenvolvimento-sustentavel-do-brasil","status":"publish","type":"post","link":"https:\/\/cofecon.org.br\/cofecon\/?p=27013","title":{"rendered":"Retrospectiva 2025 &#8211; Cartas Regionais da Economia 2025 \u2014 Perspectivas e Compromissos para o Desenvolvimento Sustent\u00e1vel do Brasil"},"content":{"rendered":"\n<p>O e-book re\u00fane as Cartas dos Encontros Regionais de Economistas realizados em 2025 \u2014 ENE, ENESUL, ENEOESTE, ENAM e Encontro do Sudeste \u2014, promovidos pelos Conselhos Regionais de Economia (Corecons) com o apoio do Conselho Federal de Economia (Cofecon). Coordenada pela Comiss\u00e3o de Desenvolvimento Regional, a publica\u00e7\u00e3o consolida as reflex\u00f5es, propostas e compromissos constru\u00eddos de forma coletiva por economistas de todas as regi\u00f5es do pa\u00eds, em torno de temas estrat\u00e9gicos como desenvolvimento sustent\u00e1vel, integra\u00e7\u00e3o produtiva, redu\u00e7\u00e3o das desigualdades e valoriza\u00e7\u00e3o das voca\u00e7\u00f5es regionais.<\/p>\n\n\n\n<p>O material tem como objetivo registrar e difundir as contribui\u00e7\u00f5es dos encontros regionais, fortalecendo o di\u00e1logo entre os Corecons, universidades, institui\u00e7\u00f5es p\u00fablicas e sociedade civil. Ao compilar as cartas aprovadas, o e-book se torna um instrumento de mem\u00f3ria, articula\u00e7\u00e3o e refer\u00eancia t\u00e9cnica para a formula\u00e7\u00e3o de pol\u00edticas voltadas ao desenvolvimento regional equilibrado e sustent\u00e1vel. A publica\u00e7\u00e3o refor\u00e7a o papel do Sistema Cofecon\/Corecons como espa\u00e7o de constru\u00e7\u00e3o coletiva de ideias e estrat\u00e9gias para o futuro econ\u00f4mico do Brasil.<\/p>\n\n\n\n<p>Confira a publica\u00e7\u00e3o clicando <a href=\"https:\/\/online.flippingbook.com\/view\/39571355\/\">AQUI.<\/a><\/p>\n","protected":false},"excerpt":{"rendered":"<p>O e-book re\u00fane as Cartas dos Encontros Regionais de Economistas realizados em 2025 \u2014 ENE, ENESUL, ENEOESTE, ENAM e Encontro do Sudeste \u2014, promovidos pelos Conselhos Regionais de Economia (Corecons) com o apoio do Conselho Federal de Economia (Cofecon). Coordenada<\/p>\n<p><a class=\"more-link\" href=\"https:\/\/cofecon.org.br\/cofecon\/?p=27013\">Leia Mais<\/a><\/p>\n","protected":false},"author":3,"featured_media":26871,"comment_status":"closed","ping_status":"closed","sticky":false,"template":"","format":"standard","meta":{"footnotes":""},"categories":[2],"tags":[],"class_list":["post-27013","post","type-post","status-publish","format-standard","has-post-thumbnail","hentry","category-noticias"],"_links":{"self":[{"href":"https:\/\/cofecon.org.br\/cofecon\/index.php?rest_route=\/wp\/v2\/posts\/27013"}],"collection":[{"href":"https:\/\/cofecon.org.br\/cofecon\/index.php?rest_route=\/wp\/v2\/posts"}],"about":[{"href":"https:\/\/cofecon.org.br\/cofecon\/index.php?rest_route=\/wp\/v2\/types\/post"}],"author":[{"embeddable":true,"href":"https:\/\/cofecon.org.br\/cofecon\/index.php?rest_route=\/wp\/v2\/users\/3"}],"replies":[{"embeddable":true,"href":"https:\/\/cofecon.org.br\/cofecon\/index.php?rest_route=%2Fwp%2Fv2%2Fcomments&post=27013"}],"version-history":[{"count":2,"href":"https:\/\/cofecon.org.br\/cofecon\/index.php?rest_route=\/wp\/v2\/posts\/27013\/revisions"}],"predecessor-version":[{"id":27017,"href":"https:\/\/cofecon.org.br\/cofecon\/index.php?rest_route=\/wp\/v2\/posts\/27013\/revisions\/27017"}],"wp:featuredmedia":[{"embeddable":true,"href":"https:\/\/cofecon.org.br\/cofecon\/index.php?rest_route=\/wp\/v2\/media\/26871"}],"wp:attachment":[{"href":"https:\/\/cofecon.org.br\/cofecon\/index.php?rest_route=%2Fwp%2Fv2%2Fmedia&parent=27013"}],"wp:term":[{"taxonomy":"category","embeddable":true,"href":"https:\/\/cofecon.org.br\/cofecon\/index.php?rest_route=%2Fwp%2Fv2%2Fcategories&post=27013"},{"taxonomy":"post_tag","embeddable":true,"href":"https:\/\/cofecon.org.br\/cofecon\/index.php?rest_route=%2Fwp%2Fv2%2Ftags&post=27013"}],"curies":[{"name":"wp","href":"https:\/\/api.w.org\/{rel}","templated":true}]}}