{"id":27011,"date":"2025-12-12T12:23:35","date_gmt":"2025-12-12T15:23:35","guid":{"rendered":"https:\/\/cofecon.org.br\/cofecon\/?p=27011"},"modified":"2025-12-12T12:37:57","modified_gmt":"2025-12-12T15:37:57","slug":"segunda-edicao-do-manual-de-procedimento-de-fiscalizacao-do-exercicio-profissional","status":"publish","type":"post","link":"https:\/\/cofecon.org.br\/cofecon\/?p=27011","title":{"rendered":"Retrospectiva 2025 &#8211; Segunda edi\u00e7\u00e3o do Manual de Procedimento de Fiscaliza\u00e7\u00e3o do Exerc\u00edcio Profissional"},"content":{"rendered":"\n<p>A fiscaliza\u00e7\u00e3o do exerc\u00edcio profissional \u00e9 uma das atribui\u00e7\u00f5es centrais do Sistema Cofecon\/Corecons e tem como objetivo assegurar que as atividades privativas da Ci\u00eancia Econ\u00f4mica sejam exercidas por profissionais devidamente habilitados, em defesa do interesse p\u00fablico e da qualidade t\u00e9cnica dos servi\u00e7os prestados \u00e0 sociedade. Com o intuito de aprimorar e padronizar os procedimentos fiscalizat\u00f3rios em \u00e2mbito nacional, o Conselho Federal de Economia lan\u00e7ou a segunda edi\u00e7\u00e3o do Manual de Procedimento de Fiscaliza\u00e7\u00e3o do Exerc\u00edcio Profissional, dispon\u00edvel em formato digital.<\/p>\n\n\n\n<p>A nova edi\u00e7\u00e3o do Manual foi elaborada pela Comiss\u00e3o de Fiscaliza\u00e7\u00e3o e Registro Profissional, com a colabora\u00e7\u00e3o dos Corecons de S\u00e3o Paulo, Rio de Janeiro, Distrito Federal, Paran\u00e1 e Minas Gerais, incorporando experi\u00eancias consolidadas, boas pr\u00e1ticas e normativos atualizados. O documento traz orienta\u00e7\u00f5es t\u00e9cnicas alinhadas ao Sistema Eletr\u00f4nico de Informa\u00e7\u00f5es (SEI), refor\u00e7ando a seguran\u00e7a jur\u00eddica, a efici\u00eancia e a uniformidade das a\u00e7\u00f5es de fiscaliza\u00e7\u00e3o em todo o pa\u00eds. Al\u00e9m de fortalecer a atua\u00e7\u00e3o institucional, o material reafirma o compromisso do Sistema com os princ\u00edpios da Administra\u00e7\u00e3o P\u00fablica e com o car\u00e1ter educativo e preventivo da fiscaliza\u00e7\u00e3o profissional.<\/p>\n","protected":false},"excerpt":{"rendered":"<p>A fiscaliza\u00e7\u00e3o do exerc\u00edcio profissional \u00e9 uma das atribui\u00e7\u00f5es centrais do Sistema Cofecon\/Corecons e tem como objetivo assegurar que as atividades privativas da Ci\u00eancia Econ\u00f4mica sejam exercidas por profissionais devidamente habilitados, em defesa do interesse p\u00fablico e da qualidade t\u00e9cnica<\/p>\n<p><a class=\"more-link\" href=\"https:\/\/cofecon.org.br\/cofecon\/?p=27011\">Leia Mais<\/a><\/p>\n","protected":false},"author":3,"featured_media":26871,"comment_status":"closed","ping_status":"closed","sticky":false,"template":"","format":"standard","meta":{"footnotes":""},"categories":[2],"tags":[],"class_list":["post-27011","post","type-post","status-publish","format-standard","has-post-thumbnail","hentry","category-noticias"],"_links":{"self":[{"href":"https:\/\/cofecon.org.br\/cofecon\/index.php?rest_route=\/wp\/v2\/posts\/27011"}],"collection":[{"href":"https:\/\/cofecon.org.br\/cofecon\/index.php?rest_route=\/wp\/v2\/posts"}],"about":[{"href":"https:\/\/cofecon.org.br\/cofecon\/index.php?rest_route=\/wp\/v2\/types\/post"}],"author":[{"embeddable":true,"href":"https:\/\/cofecon.org.br\/cofecon\/index.php?rest_route=\/wp\/v2\/users\/3"}],"replies":[{"embeddable":true,"href":"https:\/\/cofecon.org.br\/cofecon\/index.php?rest_route=%2Fwp%2Fv2%2Fcomments&post=27011"}],"version-history":[{"count":2,"href":"https:\/\/cofecon.org.br\/cofecon\/index.php?rest_route=\/wp\/v2\/posts\/27011\/revisions"}],"predecessor-version":[{"id":27018,"href":"https:\/\/cofecon.org.br\/cofecon\/index.php?rest_route=\/wp\/v2\/posts\/27011\/revisions\/27018"}],"wp:featuredmedia":[{"embeddable":true,"href":"https:\/\/cofecon.org.br\/cofecon\/index.php?rest_route=\/wp\/v2\/media\/26871"}],"wp:attachment":[{"href":"https:\/\/cofecon.org.br\/cofecon\/index.php?rest_route=%2Fwp%2Fv2%2Fmedia&parent=27011"}],"wp:term":[{"taxonomy":"category","embeddable":true,"href":"https:\/\/cofecon.org.br\/cofecon\/index.php?rest_route=%2Fwp%2Fv2%2Fcategories&post=27011"},{"taxonomy":"post_tag","embeddable":true,"href":"https:\/\/cofecon.org.br\/cofecon\/index.php?rest_route=%2Fwp%2Fv2%2Ftags&post=27011"}],"curies":[{"name":"wp","href":"https:\/\/api.w.org\/{rel}","templated":true}]}}