{"id":27004,"date":"2025-12-11T18:21:38","date_gmt":"2025-12-11T21:21:38","guid":{"rendered":"https:\/\/cofecon.org.br\/cofecon\/?p=27004"},"modified":"2025-12-11T18:21:39","modified_gmt":"2025-12-11T21:21:39","slug":"paulo-polli-o-mais-importante-e-que-teremos-na-lei-as-atividades-privativas-do-economista","status":"publish","type":"post","link":"https:\/\/cofecon.org.br\/cofecon\/?p=27004","title":{"rendered":"Paulo Polli: \u201cO mais importante \u00e9 que teremos na lei as atividades privativas do economista\u201d"},"content":{"rendered":"\n<p><em>Conselheiro federal falou sobre a aprova\u00e7\u00e3o do PL 3.178\/2024 na Comiss\u00e3o de Trabalho da C\u00e2mara e sobre o trabalho do relator Luiz Carlos Hauly na Comiss\u00e3o de Finan\u00e7as e Tributa\u00e7\u00e3o<\/em><\/p>\n\n\n\n<p>O conselheiro federal Paulo Roberto Polli Lobo comentou a aprova\u00e7\u00e3o do PL 3.178\/2024 na Comiss\u00e3o de Trabalho da C\u00e2mara dos Deputados, ocorrida no dia 03 de dezembro. Ele destacou que um dos principais ganhos para a profiss\u00e3o est\u00e1 na delimita\u00e7\u00e3o das atividades privativas dos economistas e enalteceu o trabalho do deputado Luiz Carlos Hauly (PODE\/PR), relator da mat\u00e9ria na Comiss\u00e3o de Finan\u00e7as e Tributa\u00e7\u00e3o.<\/p>\n\n\n\n<p>\u201cO mais importante \u00e9 que vamos ter na nossa lei as atividades privativas do economista, deixando mais clara a nossa atua\u00e7\u00e3o, com um campo bem definido, abrindo o mercado de trabalho e aumentando as possibilidades\u201d, comentou Polli. \u201cA partir da reda\u00e7\u00e3o na nova lei, o economista ter\u00e1 ainda mais \u00e1reas para desenvolver trabalhos. Nossa forma\u00e7\u00e3o \u00e9 plural, assim como nossas \u00e1reas de atua\u00e7\u00e3o. Tenho certeza de que os economistas do Brasil ir\u00e3o se beneficiar com a aprova\u00e7\u00e3o do PL. Al\u00e9m disso, a sociedade tamb\u00e9m ser\u00e1 beneficiada e poder\u00e1 ao contar com o trabalho dos economistas em todas as \u00e1reas de compet\u00eancia e conhecimento\u201d.<\/p>\n\n\n\n<p>\u201cA defini\u00e7\u00e3o das atividades privativas tamb\u00e9m vai fortalecer o Sistema Cofecon\/Corecons, que contar\u00e1 com mais economistas registrados em seus Conselhos Regionais. A profiss\u00e3o, como um todo, se beneficia com esse fortalecimento\u201d, comemorou.<\/p>\n\n\n\n<p>\u201cEstou conversando com o deputado Luiz Carlos Hauly e ele est\u00e1 trabalhando de forma coordenada com outros parlamentares para que haja avan\u00e7o na tramita\u00e7\u00e3o do PL. Ele est\u00e1 realizando um trabalho fundamental para os economistas do Brasil para buscarmos a aprova\u00e7\u00e3o deste projeto\u201d.<\/p>\n\n\n\n<p>Ap\u00f3s a aprova\u00e7\u00e3o na Comiss\u00e3o de Trabalho, o texto tramita na Comiss\u00e3o de Finan\u00e7as e Tributa\u00e7\u00e3o da C\u00e2mara dos Deputados. Uma vez aprovado, ele passar\u00e1 tamb\u00e9m pela Comiss\u00e3o de Constitui\u00e7\u00e3o e Justi\u00e7a antes de ir ao Senado.<\/p>\n","protected":false},"excerpt":{"rendered":"<p>Conselheiro federal falou sobre a aprova\u00e7\u00e3o do PL 3.178\/2024 na Comiss\u00e3o de Trabalho da C\u00e2mara e sobre o trabalho do relator Luiz Carlos Hauly na Comiss\u00e3o de Finan\u00e7as e Tributa\u00e7\u00e3o O conselheiro federal Paulo Roberto Polli Lobo comentou a aprova\u00e7\u00e3o<\/p>\n<p><a class=\"more-link\" href=\"https:\/\/cofecon.org.br\/cofecon\/?p=27004\">Leia Mais<\/a><\/p>\n","protected":false},"author":3,"featured_media":27005,"comment_status":"closed","ping_status":"closed","sticky":false,"template":"","format":"standard","meta":{"footnotes":""},"categories":[2],"tags":[],"class_list":["post-27004","post","type-post","status-publish","format-standard","has-post-thumbnail","hentry","category-noticias"],"_links":{"self":[{"href":"https:\/\/cofecon.org.br\/cofecon\/index.php?rest_route=\/wp\/v2\/posts\/27004"}],"collection":[{"href":"https:\/\/cofecon.org.br\/cofecon\/index.php?rest_route=\/wp\/v2\/posts"}],"about":[{"href":"https:\/\/cofecon.org.br\/cofecon\/index.php?rest_route=\/wp\/v2\/types\/post"}],"author":[{"embeddable":true,"href":"https:\/\/cofecon.org.br\/cofecon\/index.php?rest_route=\/wp\/v2\/users\/3"}],"replies":[{"embeddable":true,"href":"https:\/\/cofecon.org.br\/cofecon\/index.php?rest_route=%2Fwp%2Fv2%2Fcomments&post=27004"}],"version-history":[{"count":1,"href":"https:\/\/cofecon.org.br\/cofecon\/index.php?rest_route=\/wp\/v2\/posts\/27004\/revisions"}],"predecessor-version":[{"id":27006,"href":"https:\/\/cofecon.org.br\/cofecon\/index.php?rest_route=\/wp\/v2\/posts\/27004\/revisions\/27006"}],"wp:featuredmedia":[{"embeddable":true,"href":"https:\/\/cofecon.org.br\/cofecon\/index.php?rest_route=\/wp\/v2\/media\/27005"}],"wp:attachment":[{"href":"https:\/\/cofecon.org.br\/cofecon\/index.php?rest_route=%2Fwp%2Fv2%2Fmedia&parent=27004"}],"wp:term":[{"taxonomy":"category","embeddable":true,"href":"https:\/\/cofecon.org.br\/cofecon\/index.php?rest_route=%2Fwp%2Fv2%2Fcategories&post=27004"},{"taxonomy":"post_tag","embeddable":true,"href":"https:\/\/cofecon.org.br\/cofecon\/index.php?rest_route=%2Fwp%2Fv2%2Ftags&post=27004"}],"curies":[{"name":"wp","href":"https:\/\/api.w.org\/{rel}","templated":true}]}}