{"id":26995,"date":"2025-12-11T08:41:18","date_gmt":"2025-12-11T11:41:18","guid":{"rendered":"https:\/\/cofecon.org.br\/cofecon\/?p=26995"},"modified":"2025-12-11T08:50:55","modified_gmt":"2025-12-11T11:50:55","slug":"retrospectiva-2025-xiv-gincana-nacional-de-economia-2","status":"publish","type":"post","link":"https:\/\/cofecon.org.br\/cofecon\/?p=26995","title":{"rendered":"Retrospectiva 2025 \u2013 Manifesto do XXVI Congresso Brasileiro de Economia\u00a0"},"content":{"rendered":"\n<p><em>Por um Brasil l\u00edder na transi\u00e7\u00e3o justa: documento reafirma o papel dos economistas na agenda clim\u00e1tica e ganha novas tradu\u00e7\u00f5es para ampliar seu alcance global<\/em>&nbsp;<\/p>\n\n\n\n<p>O Manifesto aprovado no XXVI Congresso Brasileiro de Economia, que aconteceu entre 6 e 10 de outubro, reafirma o protagonismo do Brasil na agenda clim\u00e1tica global e destaca a Amaz\u00f4nia como elemento central para a transi\u00e7\u00e3o ecol\u00f3gica. O documento tamb\u00e9m ressalta a responsabilidade dos economistas na formula\u00e7\u00e3o de pol\u00edticas que conciliem desenvolvimento, preserva\u00e7\u00e3o ambiental e justi\u00e7a social, posicionando o pa\u00eds como refer\u00eancia em solu\u00e7\u00f5es sustent\u00e1veis integradas ao combate \u00e0s desigualdades.&nbsp;&nbsp;<\/p>\n\n\n\n<p>Agora traduzido para ingl\u00eas, espanhol, franc\u00eas, italiano e mag\u00fcta\/tikuna, o Manifesto ultrapassa fronteiras e amplia seu alcance junto a organiza\u00e7\u00f5es internacionais e formuladores de pol\u00edticas p\u00fablicas. A inclus\u00e3o de uma l\u00edngua ind\u00edgena amaz\u00f4nica carrega forte simbolismo ao reconhecer a diversidade cultural brasileira e a contribui\u00e7\u00e3o dos povos origin\u00e1rios na constru\u00e7\u00e3o de futuros sustent\u00e1veis. O Brasil tem, assim, a oportunidade hist\u00f3rica de liderar uma transi\u00e7\u00e3o justa que una prosperidade, equidade e preserva\u00e7\u00e3o para as pr\u00f3ximas gera\u00e7\u00f5es. Clique <a href=\"https:\/\/online.flippingbook.com\/view\/242864089\/\" data-type=\"link\" data-id=\"https:\/\/online.flippingbook.com\/view\/242864089\/\">AQUI<\/a> para acessar o Manifesto no original e nas vers\u00f5es traduzidas.\u00a0<\/p>\n\n\n\n<p>Retrospectiva 2025: Continue nos acompanhando neste m\u00eas de dezembro para relembrar outros marcos importantes do Sistema Cofecon\/Corecons. Acompanhe, comente, compartilhe.&nbsp;<\/p>\n\n\n\n<p>#Retrospectiva2025 #Cofecon #Economistas #EconomiaQueTransforma #DesenvolvimentoParaOTodo #Valoriza\u00e7\u00e3oProfissional&nbsp;<\/p>\n","protected":false},"excerpt":{"rendered":"<p>Por um Brasil l\u00edder na transi\u00e7\u00e3o justa: documento reafirma o papel dos economistas na agenda clim\u00e1tica e ganha novas tradu\u00e7\u00f5es para ampliar seu alcance global&nbsp; O Manifesto aprovado no XXVI Congresso Brasileiro de Economia, que aconteceu entre 6 e 10<\/p>\n<p><a class=\"more-link\" href=\"https:\/\/cofecon.org.br\/cofecon\/?p=26995\">Leia Mais<\/a><\/p>\n","protected":false},"author":3,"featured_media":26871,"comment_status":"closed","ping_status":"closed","sticky":false,"template":"","format":"standard","meta":{"footnotes":""},"categories":[42],"tags":[],"class_list":["post-26995","post","type-post","status-publish","format-standard","has-post-thumbnail","hentry","category-retrospectiva"],"_links":{"self":[{"href":"https:\/\/cofecon.org.br\/cofecon\/index.php?rest_route=\/wp\/v2\/posts\/26995"}],"collection":[{"href":"https:\/\/cofecon.org.br\/cofecon\/index.php?rest_route=\/wp\/v2\/posts"}],"about":[{"href":"https:\/\/cofecon.org.br\/cofecon\/index.php?rest_route=\/wp\/v2\/types\/post"}],"author":[{"embeddable":true,"href":"https:\/\/cofecon.org.br\/cofecon\/index.php?rest_route=\/wp\/v2\/users\/3"}],"replies":[{"embeddable":true,"href":"https:\/\/cofecon.org.br\/cofecon\/index.php?rest_route=%2Fwp%2Fv2%2Fcomments&post=26995"}],"version-history":[{"count":2,"href":"https:\/\/cofecon.org.br\/cofecon\/index.php?rest_route=\/wp\/v2\/posts\/26995\/revisions"}],"predecessor-version":[{"id":26998,"href":"https:\/\/cofecon.org.br\/cofecon\/index.php?rest_route=\/wp\/v2\/posts\/26995\/revisions\/26998"}],"wp:featuredmedia":[{"embeddable":true,"href":"https:\/\/cofecon.org.br\/cofecon\/index.php?rest_route=\/wp\/v2\/media\/26871"}],"wp:attachment":[{"href":"https:\/\/cofecon.org.br\/cofecon\/index.php?rest_route=%2Fwp%2Fv2%2Fmedia&parent=26995"}],"wp:term":[{"taxonomy":"category","embeddable":true,"href":"https:\/\/cofecon.org.br\/cofecon\/index.php?rest_route=%2Fwp%2Fv2%2Fcategories&post=26995"},{"taxonomy":"post_tag","embeddable":true,"href":"https:\/\/cofecon.org.br\/cofecon\/index.php?rest_route=%2Fwp%2Fv2%2Ftags&post=26995"}],"curies":[{"name":"wp","href":"https:\/\/api.w.org\/{rel}","templated":true}]}}