{"id":26988,"date":"2025-12-09T18:12:55","date_gmt":"2025-12-09T21:12:55","guid":{"rendered":"https:\/\/cofecon.org.br\/cofecon\/?p=26988"},"modified":"2025-12-09T18:12:57","modified_gmt":"2025-12-09T21:12:57","slug":"valquiria-assis-comenta-aprovacao-do-pl-3-178-2024-na-comissao-de-trabalho","status":"publish","type":"post","link":"https:\/\/cofecon.org.br\/cofecon\/?p=26988","title":{"rendered":"Valqu\u00edria Assis comenta aprova\u00e7\u00e3o do PL 3.178\/2024 na Comiss\u00e3o de Trabalho"},"content":{"rendered":"\n<p><em>Conselheira do Corecon-MG destacou tamb\u00e9m a participa\u00e7\u00e3o feminina nas articula\u00e7\u00f5es pela aprova\u00e7\u00e3o do PL: \u201cd\u00e1 rosto e voz \u00e0 diversidade na profiss\u00e3o\u201d<\/em><\/p>\n\n\n\n<p>A conselheira regional Valqu\u00edria Aparecida Assis, integrante do Grupo de Trabalho Atualiza\u00e7\u00e3o da legisla\u00e7\u00e3o Profissional do Economista, falou sobre a aprova\u00e7\u00e3o do Projeto de Lei 3.178\/2024 na Comiss\u00e3o de Trabalho da C\u00e2mara dos Deputados. Ela esteve presente \u00e0 sess\u00e3o do dia 03\/12\/2025, quando a aprova\u00e7\u00e3o do projeto consolidou um longo trabalho de articula\u00e7\u00e3o t\u00e9cnica e pol\u00edtica envolvendo economistas, parlamentares e representantes de outras profiss\u00f5es.<\/p>\n\n\n\n<p>\u201cOs principais desafios dessa articula\u00e7\u00e3o com os parlamentares passaram, primeiro, por justificar a necessidade de atualizar uma profiss\u00e3o que todo mundo j\u00e1 conhece\u201d, explicou Valqu\u00edria. \u201cFoi preciso mostrar que o PL tratava de deixar mais clara a atua\u00e7\u00e3o do economista, dar seguran\u00e7a jur\u00eddica \u00e0s institui\u00e7\u00f5es e refor\u00e7ar que o t\u00edtulo de economista \u00e9 pr\u00f3prio do bacharel em Ci\u00eancias Econ\u00f4micas registrado no Sistema Cofecon\/Corecons, em defesa da sociedade e da boa t\u00e9cnica\u201d.<\/p>\n\n\n\n<p>\u201cToda mudan\u00e7a legislativa exige muita reflex\u00e3o. \u00c9 natural que os deputados e deputadas queiram entender o que est\u00e1 sendo alterado, por que isso \u00e9 necess\u00e1rio e quais impactos isso pode gerar na sociedade e no mercado de trabalho\u201d, prosseguiu a conselheira do Corecon-MG. \u201cTemos explicado que n\u00e3o se trata de criar uma nova profiss\u00e3o, mas de atualizar e delimitar melhor a atua\u00e7\u00e3o do economista\u201d.<\/p>\n\n\n\n<p>Ao longo das discuss\u00f5es, Valqu\u00edria destacou que a necessidade de atualiza\u00e7\u00e3o da lei se deve \u00e0s transforma\u00e7\u00f5es que marcaram o mundo e o exerc\u00edcio da profiss\u00e3o de economista nas \u00faltimas sete d\u00e9cadas. \u201cA lei original foi constru\u00edda em um contexto econ\u00f4mico muito diferente do atual. Desde ent\u00e3o, o mercado de trabalho mudou, surgiram novas \u00e1reas de atua\u00e7\u00e3o, ferramentas e responsabilidades,&nbsp;e a legisla\u00e7\u00e3o n\u00e3o acompanhou esse movimento\u201d, comentou.<\/p>\n\n\n\n<p>A economista tamb\u00e9m mencionou tr\u00eas conquistas dos economistas com tramita\u00e7\u00e3o do Projeto de Lei. \u201cA primeira \u00e9 o pr\u00f3prio resultado: a aprova\u00e7\u00e3o na Comiss\u00e3o de Trabalho \u00e9 sinal de que conseguimos construir consenso em torno da import\u00e2ncia estrat\u00e9gica do economista\u201d, comemora Valqu\u00edria. \u201cA segunda \u00e9 o fortalecimento do Sistema Cofecon\/Corecons, que atuou de forma coordenada em Bras\u00edlia e nos estados. E a terceira \u00e9 o legado pol\u00edtico deste movimento: fomos bem recebidos e o di\u00e1logo foi respeitoso e produtivo. Ficou mais claro, dentro do parlamento, que os economistas s\u00e3o parceiros na formula\u00e7\u00e3o de solu\u00e7\u00f5es para o Pa\u00eds\u201d.<\/p>\n\n\n\n<p><strong>Protagonismo feminino<\/strong><\/p>\n\n\n\n<p>Um tema ao qual a gest\u00e3o 2025 do Cofecon tem dado \u00eanfase \u00e9 o protagonismo feminino na profiss\u00e3o de economista. Neste sentido, Valqu\u00edria destacou a import\u00e2ncia da participa\u00e7\u00e3o feminina nas articula\u00e7\u00f5es pela aprova\u00e7\u00e3o do PL 3.178\/2024.<\/p>\n\n\n\n<p>&nbsp;\u201cA presen\u00e7a de mulheres em posi\u00e7\u00f5es de lideran\u00e7a no Sistema Cofecon\/Corecons tem tido uma contribui\u00e7\u00e3o enorme na condu\u00e7\u00e3o pol\u00edtica e simb\u00f3lica do debate sobre o Projeto de Lei. A mulher economista \u00e0 frente deste processo d\u00e1 rosto e voz \u00e0 diversidade da profiss\u00e3o\u201d, avalia Valqu\u00edria. \u201cQuando deputadas e deputados enxergam mulheres liderando, negociando e explicando o conte\u00fado t\u00e9cnico do projeto, isso quebra estere\u00f3tipos e refor\u00e7a a ideia de que a economia n\u00e3o \u00e9 um espa\u00e7o restrito, mas uma profiss\u00e3o plural, conectada com a realidade do pa\u00eds e com as agendas de igualdade de g\u00eanero, inclus\u00e3o e desenvolvimento\u201d.<\/p>\n\n\n\n<p>Ap\u00f3s a aprova\u00e7\u00e3o na Comiss\u00e3o de Trabalho, a mat\u00e9ria foi enviada para a Comiss\u00e3o de Finan\u00e7as e Tributa\u00e7\u00e3o. O relator designado \u00e9 o deputado Luiz Carlos Hauly. Uma vez aprovado, o texto passar\u00e1 pela Comiss\u00e3o de Constitui\u00e7\u00e3o e Justi\u00e7a antes de ser enviado ao Senado.<\/p>\n","protected":false},"excerpt":{"rendered":"<p>Conselheira do Corecon-MG destacou tamb\u00e9m a participa\u00e7\u00e3o feminina nas articula\u00e7\u00f5es pela aprova\u00e7\u00e3o do PL: \u201cd\u00e1 rosto e voz \u00e0 diversidade na profiss\u00e3o\u201d A conselheira regional Valqu\u00edria Aparecida Assis, integrante do Grupo de Trabalho Atualiza\u00e7\u00e3o da legisla\u00e7\u00e3o Profissional do Economista, falou<\/p>\n<p><a class=\"more-link\" href=\"https:\/\/cofecon.org.br\/cofecon\/?p=26988\">Leia Mais<\/a><\/p>\n","protected":false},"author":3,"featured_media":26989,"comment_status":"closed","ping_status":"closed","sticky":false,"template":"","format":"standard","meta":{"footnotes":""},"categories":[2],"tags":[],"class_list":["post-26988","post","type-post","status-publish","format-standard","has-post-thumbnail","hentry","category-noticias"],"_links":{"self":[{"href":"https:\/\/cofecon.org.br\/cofecon\/index.php?rest_route=\/wp\/v2\/posts\/26988"}],"collection":[{"href":"https:\/\/cofecon.org.br\/cofecon\/index.php?rest_route=\/wp\/v2\/posts"}],"about":[{"href":"https:\/\/cofecon.org.br\/cofecon\/index.php?rest_route=\/wp\/v2\/types\/post"}],"author":[{"embeddable":true,"href":"https:\/\/cofecon.org.br\/cofecon\/index.php?rest_route=\/wp\/v2\/users\/3"}],"replies":[{"embeddable":true,"href":"https:\/\/cofecon.org.br\/cofecon\/index.php?rest_route=%2Fwp%2Fv2%2Fcomments&post=26988"}],"version-history":[{"count":1,"href":"https:\/\/cofecon.org.br\/cofecon\/index.php?rest_route=\/wp\/v2\/posts\/26988\/revisions"}],"predecessor-version":[{"id":26990,"href":"https:\/\/cofecon.org.br\/cofecon\/index.php?rest_route=\/wp\/v2\/posts\/26988\/revisions\/26990"}],"wp:featuredmedia":[{"embeddable":true,"href":"https:\/\/cofecon.org.br\/cofecon\/index.php?rest_route=\/wp\/v2\/media\/26989"}],"wp:attachment":[{"href":"https:\/\/cofecon.org.br\/cofecon\/index.php?rest_route=%2Fwp%2Fv2%2Fmedia&parent=26988"}],"wp:term":[{"taxonomy":"category","embeddable":true,"href":"https:\/\/cofecon.org.br\/cofecon\/index.php?rest_route=%2Fwp%2Fv2%2Fcategories&post=26988"},{"taxonomy":"post_tag","embeddable":true,"href":"https:\/\/cofecon.org.br\/cofecon\/index.php?rest_route=%2Fwp%2Fv2%2Ftags&post=26988"}],"curies":[{"name":"wp","href":"https:\/\/api.w.org\/{rel}","templated":true}]}}