{"id":26981,"date":"2025-12-09T17:45:50","date_gmt":"2025-12-09T20:45:50","guid":{"rendered":"https:\/\/cofecon.org.br\/cofecon\/?p=26981"},"modified":"2025-12-09T17:45:52","modified_gmt":"2025-12-09T20:45:52","slug":"deputado-luiz-gastao-divulgou-mensagem-pela-aprovacao-do-pl-3-178-2024","status":"publish","type":"post","link":"https:\/\/cofecon.org.br\/cofecon\/?p=26981","title":{"rendered":"Deputado Luiz Gast\u00e3o divulgou mensagem pela aprova\u00e7\u00e3o do PL 3.178\/2024\u00a0"},"content":{"rendered":"\n<p><em>Texto foi parte da mobiliza\u00e7\u00e3o pela mat\u00e9ria na Comiss\u00e3o de Trabalho da C\u00e2mara, ocorrida no dia 3 de dezembro. Projeto agora tramita na Comiss\u00e3o de Finan\u00e7as e Tributa\u00e7\u00e3o<\/em>&nbsp;<\/p>\n\n\n\n<p>O deputado federal Luiz Gast\u00e3o (PSD\/CE), integrante da Comiss\u00e3o de Trabalho da C\u00e2mara dos Deputados, publicou uma mensagem como parte da mobiliza\u00e7\u00e3o pela aprova\u00e7\u00e3o do Projeto de Lei 3.178\/2024 \u2013 aprovado naquele \u00f3rg\u00e3o no dia 3 de dezembro. Em sua publica\u00e7\u00e3o, ele listou algumas das principais mudan\u00e7as que o PL busca realizar na Lei 1.411\/1951, que regulamentou a profiss\u00e3o de economista no Brasil.&nbsp;<\/p>\n\n\n\n<p>\u201cO Projeto de Lei 3.178\/2024 prop\u00f5e atualizar e fortalecer a profiss\u00e3o de economista. Entre as principais novidades: defini\u00e7\u00e3o clara de quem pode ser chamado de economista; lista detalhada de atividades privativas (consultoria, per\u00edcias, avalia\u00e7\u00e3o de empresas, planejamento econ\u00f4mico, estudos de impacto etc.); regras de registro e fiscaliza\u00e7\u00e3o mais fortes pelos Corecons e Cofecon; uso do CPF como identificador oficial da profiss\u00e3o; e possibilidade de cassa\u00e7\u00e3o de registro por viola\u00e7\u00e3o \u00e9tica\u201d, publicou o deputado. \u201cEstamos juntos na luta pela aprova\u00e7\u00e3o dessa proposta!\u201d, finalizou.&nbsp;<\/p>\n\n\n\n<p>A mat\u00e9ria foi encaminhada no dia 4 de dezembro para a Comiss\u00e3o de Finan\u00e7as e Tributa\u00e7\u00e3o da C\u00e2mara, na qual ter\u00e1 como relator o deputado federal Luiz Carlos Hauly (PODE\/PR).&nbsp;<\/p>\n","protected":false},"excerpt":{"rendered":"<p>Texto foi parte da mobiliza\u00e7\u00e3o pela mat\u00e9ria na Comiss\u00e3o de Trabalho da C\u00e2mara, ocorrida no dia 3 de dezembro. Projeto agora tramita na Comiss\u00e3o de Finan\u00e7as e Tributa\u00e7\u00e3o&nbsp; O deputado federal Luiz Gast\u00e3o (PSD\/CE), integrante da Comiss\u00e3o de Trabalho da<\/p>\n<p><a class=\"more-link\" href=\"https:\/\/cofecon.org.br\/cofecon\/?p=26981\">Leia Mais<\/a><\/p>\n","protected":false},"author":3,"featured_media":26982,"comment_status":"closed","ping_status":"closed","sticky":false,"template":"","format":"standard","meta":{"footnotes":""},"categories":[1],"tags":[22],"class_list":["post-26981","post","type-post","status-publish","format-standard","has-post-thumbnail","hentry","category-sem-categoria","tag-noticias"],"_links":{"self":[{"href":"https:\/\/cofecon.org.br\/cofecon\/index.php?rest_route=\/wp\/v2\/posts\/26981"}],"collection":[{"href":"https:\/\/cofecon.org.br\/cofecon\/index.php?rest_route=\/wp\/v2\/posts"}],"about":[{"href":"https:\/\/cofecon.org.br\/cofecon\/index.php?rest_route=\/wp\/v2\/types\/post"}],"author":[{"embeddable":true,"href":"https:\/\/cofecon.org.br\/cofecon\/index.php?rest_route=\/wp\/v2\/users\/3"}],"replies":[{"embeddable":true,"href":"https:\/\/cofecon.org.br\/cofecon\/index.php?rest_route=%2Fwp%2Fv2%2Fcomments&post=26981"}],"version-history":[{"count":1,"href":"https:\/\/cofecon.org.br\/cofecon\/index.php?rest_route=\/wp\/v2\/posts\/26981\/revisions"}],"predecessor-version":[{"id":26983,"href":"https:\/\/cofecon.org.br\/cofecon\/index.php?rest_route=\/wp\/v2\/posts\/26981\/revisions\/26983"}],"wp:featuredmedia":[{"embeddable":true,"href":"https:\/\/cofecon.org.br\/cofecon\/index.php?rest_route=\/wp\/v2\/media\/26982"}],"wp:attachment":[{"href":"https:\/\/cofecon.org.br\/cofecon\/index.php?rest_route=%2Fwp%2Fv2%2Fmedia&parent=26981"}],"wp:term":[{"taxonomy":"category","embeddable":true,"href":"https:\/\/cofecon.org.br\/cofecon\/index.php?rest_route=%2Fwp%2Fv2%2Fcategories&post=26981"},{"taxonomy":"post_tag","embeddable":true,"href":"https:\/\/cofecon.org.br\/cofecon\/index.php?rest_route=%2Fwp%2Fv2%2Ftags&post=26981"}],"curies":[{"name":"wp","href":"https:\/\/api.w.org\/{rel}","templated":true}]}}