{"id":26978,"date":"2025-12-09T15:01:56","date_gmt":"2025-12-09T18:01:56","guid":{"rendered":"https:\/\/cofecon.org.br\/cofecon\/?p=26978"},"modified":"2025-12-09T15:01:57","modified_gmt":"2025-12-09T18:01:57","slug":"747a-sessao-plenaria-cofecon-aprova-registro-de-mestres-da-fgv-sp-e-ufpr","status":"publish","type":"post","link":"https:\/\/cofecon.org.br\/cofecon\/?p=26978","title":{"rendered":"747\u00aa Sess\u00e3o Plen\u00e1ria: Cofecon aprova registro de mestres da FGV\/SP e UFPR\u00a0"},"content":{"rendered":"\n<p><em>Registro permite que profissionais com mestrado em Economia atuem legalmente em campos de atua\u00e7\u00e3o vinculados \u00e0 \u00e1rea de concentra\u00e7\u00e3o ou linha de pesquisa do respectivo programa<\/em>&nbsp;<\/p>\n\n\n\n<p>Egressos dos programas de mestrado em Economia da Funda\u00e7\u00e3o Get\u00falio Vargas de S\u00e3o Paulo (FGV\/SP) e da Universidade Federal do Paran\u00e1 (UFPR) poder\u00e3o ser registrados nos Conselhos Regionais de Economia. A decis\u00e3o foi tomada pelo plen\u00e1rio do Cofecon durante a 747\u00aa Sess\u00e3o Plen\u00e1ria da autarquia, realizada nos dias 28 e 29 de novembro, em Bras\u00edlia.&nbsp;<\/p>\n\n\n\n<p>O registro de mestres e doutores nos Conselhos Regionais de Economia \u00e9 regulamentado pela resolu\u00e7\u00e3o 2.113\/2022 (atualizada pela resolu\u00e7\u00e3o 2.132\/2023). Cabe ao Cofecon analisar os programas de mestrado e doutorado e avaliar quais deles poder\u00e3o ter seus egressos registrados nos respectivos Conselhos Regionais de Economia. A titula\u00e7\u00e3o conferida \u00e9 mestre\/doutor em economia e os campos de atua\u00e7\u00e3o permitidos s\u00e3o restritos \u00e0 \u00e1rea de concentra\u00e7\u00e3o ou linha de pesquisa do respectivo programa.&nbsp;&nbsp;&nbsp;<\/p>\n\n\n\n<p>O registro \u00e9 obrigat\u00f3rio para o exerc\u00edcio profissional das atividades que fazem parte do campo de atua\u00e7\u00e3o do economista, conforme estabelecem a Lei 1.411\/1951 (Art. 18) e o Decreto 31.794\/1952 (Art. 48). No entanto, de acordo com os mesmos textos, a titula\u00e7\u00e3o de economista cabe apenas aos graduados em Ci\u00eancias Econ\u00f4micas.&nbsp;&nbsp;&nbsp;<\/p>\n\n\n\n<p><strong>Registro de mestres e doutores<\/strong>&nbsp;<\/p>\n\n\n\n<p>Profissionais com gradua\u00e7\u00e3o em outra \u00e1rea, mas com mestrado ou doutorado em economia, podem solicitar o registro no respectivo Conselho Regional de Economia a fim de desempenhar legalmente as atividades para as quais foi habilitado em seu programa de mestrado ou doutorado. Neste caso, o Corecon envia o pedido ao Cofecon, que \u00e9 respons\u00e1vel pelo parecer sobre a possibilidade de registro e sobre a sua \u00e1rea de atua\u00e7\u00e3o profissional. Esta foi a etapa desempenhada na 747\u00aa Sess\u00e3o Plen\u00e1ria.&nbsp;<\/p>\n\n\n\n<p>Tamb\u00e9m cabe ao Cofecon manter uma listagem com os programas de mestrado e doutorado cujos egressos est\u00e3o aptos para o registro nos Conselhos Regionais de Economia. Ela pode ser encontrada clicando<a href=\"https:\/\/cofecon.org.br\/cofecon\/?page_id=18018\" data-type=\"link\" data-id=\"https:\/\/cofecon.org.br\/cofecon\/?page_id=18018\"> AQUI <\/a><\/p>\n","protected":false},"excerpt":{"rendered":"<p>Registro permite que profissionais com mestrado em Economia atuem legalmente em campos de atua\u00e7\u00e3o vinculados \u00e0 \u00e1rea de concentra\u00e7\u00e3o ou linha de pesquisa do respectivo programa&nbsp; Egressos dos programas de mestrado em Economia da Funda\u00e7\u00e3o Get\u00falio Vargas de S\u00e3o Paulo<\/p>\n<p><a class=\"more-link\" href=\"https:\/\/cofecon.org.br\/cofecon\/?p=26978\">Leia Mais<\/a><\/p>\n","protected":false},"author":3,"featured_media":26979,"comment_status":"closed","ping_status":"closed","sticky":false,"template":"","format":"standard","meta":{"footnotes":""},"categories":[2],"tags":[],"class_list":["post-26978","post","type-post","status-publish","format-standard","has-post-thumbnail","hentry","category-noticias"],"_links":{"self":[{"href":"https:\/\/cofecon.org.br\/cofecon\/index.php?rest_route=\/wp\/v2\/posts\/26978"}],"collection":[{"href":"https:\/\/cofecon.org.br\/cofecon\/index.php?rest_route=\/wp\/v2\/posts"}],"about":[{"href":"https:\/\/cofecon.org.br\/cofecon\/index.php?rest_route=\/wp\/v2\/types\/post"}],"author":[{"embeddable":true,"href":"https:\/\/cofecon.org.br\/cofecon\/index.php?rest_route=\/wp\/v2\/users\/3"}],"replies":[{"embeddable":true,"href":"https:\/\/cofecon.org.br\/cofecon\/index.php?rest_route=%2Fwp%2Fv2%2Fcomments&post=26978"}],"version-history":[{"count":1,"href":"https:\/\/cofecon.org.br\/cofecon\/index.php?rest_route=\/wp\/v2\/posts\/26978\/revisions"}],"predecessor-version":[{"id":26980,"href":"https:\/\/cofecon.org.br\/cofecon\/index.php?rest_route=\/wp\/v2\/posts\/26978\/revisions\/26980"}],"wp:featuredmedia":[{"embeddable":true,"href":"https:\/\/cofecon.org.br\/cofecon\/index.php?rest_route=\/wp\/v2\/media\/26979"}],"wp:attachment":[{"href":"https:\/\/cofecon.org.br\/cofecon\/index.php?rest_route=%2Fwp%2Fv2%2Fmedia&parent=26978"}],"wp:term":[{"taxonomy":"category","embeddable":true,"href":"https:\/\/cofecon.org.br\/cofecon\/index.php?rest_route=%2Fwp%2Fv2%2Fcategories&post=26978"},{"taxonomy":"post_tag","embeddable":true,"href":"https:\/\/cofecon.org.br\/cofecon\/index.php?rest_route=%2Fwp%2Fv2%2Ftags&post=26978"}],"curies":[{"name":"wp","href":"https:\/\/api.w.org\/{rel}","templated":true}]}}