{"id":2694,"date":"2017-08-28T15:06:48","date_gmt":"2017-08-28T18:06:48","guid":{"rendered":"http:\/\/www.cofecon.org.br\/?p=2694"},"modified":"2017-08-28T15:06:48","modified_gmt":"2017-08-28T18:06:48","slug":"presidente-do-cofecon-reuniu-se-com-representantes-da-frente-nacional-de-prefeitos","status":"publish","type":"post","link":"https:\/\/cofecon.org.br\/cofecon\/?p=2694","title":{"rendered":"Presidente do Cofecon reuniu-se com representantes da Frente Nacional de Prefeitos"},"content":{"rendered":"<p style=\"text-align: justify;\"><img loading=\"lazy\" decoding=\"async\" class=\"size-full wp-image-2695 alignleft\" src=\"http:\/\/cofecon.org.br\/cofecon\/wp-content\/uploads\/2017\/08\/fnp.jpg\" alt=\"\" width=\"350\" height=\"250\" srcset=\"https:\/\/cofecon.org.br\/cofecon\/wp-content\/uploads\/2017\/08\/fnp.jpg 350w, https:\/\/cofecon.org.br\/cofecon\/wp-content\/uploads\/2017\/08\/fnp-300x214.jpg 300w\" sizes=\"(max-width: 350px) 100vw, 350px\" \/>O presidente do Cofecon, J\u00falio Miragaya, reuniu-se nesta segunda-feira (28\/08) com o coordenador de projetos e rela\u00e7\u00f5es institucionais da Frente Nacional de Prefeitos, Paulo Miotta, e com o consultor Jeconias Rosendo J\u00fanior. O assunto da reuni\u00e3o foi o estudo de Economia, contratado pela FNP e realizado por Jeconias, sobre microempreendedores individuais (MEI) e micro e pequenas empresas (MPE) nos munic\u00edpios do G100. O G100 \u00e9 um grupo que re\u00fane cidades brasileiras com mais de 80 mil habitantes, baixa renda e alta vulnerabilidade socioecon\u00f4mica.<\/p>\n","protected":false},"excerpt":{"rendered":"<p>O presidente do Cofecon, J\u00falio Miragaya, reuniu-se nesta segunda-feira (28\/08) com o coordenador de projetos e rela\u00e7\u00f5es institucionais da Frente Nacional de Prefeitos, Paulo Miotta, e com o consultor Jeconias Rosendo J\u00fanior. O assunto da reuni\u00e3o foi o estudo de<\/p>\n<p><a class=\"more-link\" href=\"https:\/\/cofecon.org.br\/cofecon\/?p=2694\">Leia Mais<\/a><\/p>\n","protected":false},"author":1,"featured_media":2695,"comment_status":"open","ping_status":"open","sticky":false,"template":"","format":"standard","meta":{"footnotes":""},"categories":[2],"tags":[],"class_list":["post-2694","post","type-post","status-publish","format-standard","has-post-thumbnail","hentry","category-noticias"],"_links":{"self":[{"href":"https:\/\/cofecon.org.br\/cofecon\/index.php?rest_route=\/wp\/v2\/posts\/2694"}],"collection":[{"href":"https:\/\/cofecon.org.br\/cofecon\/index.php?rest_route=\/wp\/v2\/posts"}],"about":[{"href":"https:\/\/cofecon.org.br\/cofecon\/index.php?rest_route=\/wp\/v2\/types\/post"}],"author":[{"embeddable":true,"href":"https:\/\/cofecon.org.br\/cofecon\/index.php?rest_route=\/wp\/v2\/users\/1"}],"replies":[{"embeddable":true,"href":"https:\/\/cofecon.org.br\/cofecon\/index.php?rest_route=%2Fwp%2Fv2%2Fcomments&post=2694"}],"version-history":[{"count":0,"href":"https:\/\/cofecon.org.br\/cofecon\/index.php?rest_route=\/wp\/v2\/posts\/2694\/revisions"}],"wp:featuredmedia":[{"embeddable":true,"href":"https:\/\/cofecon.org.br\/cofecon\/index.php?rest_route=\/wp\/v2\/media\/2695"}],"wp:attachment":[{"href":"https:\/\/cofecon.org.br\/cofecon\/index.php?rest_route=%2Fwp%2Fv2%2Fmedia&parent=2694"}],"wp:term":[{"taxonomy":"category","embeddable":true,"href":"https:\/\/cofecon.org.br\/cofecon\/index.php?rest_route=%2Fwp%2Fv2%2Fcategories&post=2694"},{"taxonomy":"post_tag","embeddable":true,"href":"https:\/\/cofecon.org.br\/cofecon\/index.php?rest_route=%2Fwp%2Fv2%2Ftags&post=2694"}],"curies":[{"name":"wp","href":"https:\/\/api.w.org\/{rel}","templated":true}]}}