{"id":26903,"date":"2025-12-04T14:43:01","date_gmt":"2025-12-04T17:43:01","guid":{"rendered":"https:\/\/cofecon.org.br\/cofecon\/?p=26903"},"modified":"2025-12-04T14:43:03","modified_gmt":"2025-12-04T17:43:03","slug":"senado-aprova-tributacao-de-175-para-jcp-roridan-duarte-comenta","status":"publish","type":"post","link":"https:\/\/cofecon.org.br\/cofecon\/?p=26903","title":{"rendered":"Senado aprova tributa\u00e7\u00e3o de 17,5% para JCP; R\u00f3ridan Duarte comenta\u00a0"},"content":{"rendered":"\n<p><em>Para o economista, integrante da Comiss\u00e3o de Pol\u00edtica do Cofecon, juros sobre capital pr\u00f3prio passaram a ser um instrumento de planejamento tribut\u00e1rio das empresas<\/em><\/p>\n\n\n\n<p>O economista R\u00f3ridan Duarte, integrante da Comiss\u00e3o de Pol\u00edtica Econ\u00f4mica do Cofecon, falou \u00e0 Isto \u00c9 Dinheiro sobre a aprova\u00e7\u00e3o, ocorrida na Comiss\u00e3o de Assuntos Econ\u00f4micos do Senado, da tributa\u00e7\u00e3o dos juros sobre o capital pr\u00f3prio (JCP). De acordo com o projeto, ela passaria dos atuais 15% para 17,5%, j\u00e1 retidos na C\u00e2mara.&nbsp;<\/p>\n\n\n\n<p>\u201cNa pr\u00e1tica, se transformou em instrumento de planejamento tribut\u00e1rio das empresas, que distribuem lucro sob a forma de JCP&#8221;, afirma o economista R\u00f3ridan Duarte, destacando que esta modalidade de remunera\u00e7\u00e3o dos acionistas \u201cantigamente era isenta tributariamente e hoje tem uma tributa\u00e7\u00e3o menor do que a distribui\u00e7\u00e3o cl\u00e1ssica do lucro da empresa\u201d.&nbsp;<\/p>\n\n\n\n<p>Os JCP s\u00e3o uma forma utilizada pelas empresas para remunerar seus acionistas, diminuindo parte do lucro auferido em um determinado per\u00edodo. S\u00e3o tratados pela empresa como despesa financeira (de forma semelhante ao pagamento de juros de uma d\u00edvida) e o valor \u00e9 deduzido do Imposto de Renda da Pessoa Jur\u00eddica (IRPJ) e da Contribui\u00e7\u00e3o Social sobre Lucro L\u00edquido (CSLL), fazendo com que ela pague menos impostos. A tributa\u00e7\u00e3o de 15% existe desde 1995 e, em duas ocasi\u00f5es, houve tentativas de eleva\u00e7\u00e3o.&nbsp;<\/p>\n\n\n\n<p>O texto tamb\u00e9m aponta que ele considera os JCP como uma \u201cjabuticaba\u201d brasileira e v\u00ea com bons olhos a medida aprovada no Senado. \u201cNa minha avalia\u00e7\u00e3o, \u00e9 uma medida positiva e bem fundamentada dentro desse esfor\u00e7o de moderniza\u00e7\u00e3o e racionaliza\u00e7\u00e3o do nosso sistema tribut\u00e1rio\u201d, diz. \u201cEsse mecanismo hoje n\u00e3o se traduz mais em aumento do investimento produtivo, n\u00e3o cumpre mais o papel original. Ao ajustar essa tributa\u00e7\u00e3o, o governo ent\u00e3o reduz as assimetrias entre as empresas\u201d, complementa, destacando que os JCPs s\u00e3o utilizados apenas por m\u00e9dias e grandes empresas.&nbsp;<\/p>\n\n\n\n<p>A proposta aprovada no Senado segue para a C\u00e2mara. A vers\u00e3o final do texto tamb\u00e9m inclui uma permiss\u00e3o para que a distribui\u00e7\u00e3o de dividendos aprovados at\u00e9 30 de abril de 2026 fique isenta.&nbsp;<\/p>\n\n\n\n<p>A mat\u00e9ria com a participa\u00e7\u00e3o do economista R\u00f3ridan Duarte pode ser lida clicando <a href=\"https:\/\/istoedinheiro.com.br\/como-ficara-juros-sobre-capital-21225\">AQUI<\/a>.\u00a0<\/p>\n","protected":false},"excerpt":{"rendered":"<p>Para o economista, integrante da Comiss\u00e3o de Pol\u00edtica do Cofecon, juros sobre capital pr\u00f3prio passaram a ser um instrumento de planejamento tribut\u00e1rio das empresas O economista R\u00f3ridan Duarte, integrante da Comiss\u00e3o de Pol\u00edtica Econ\u00f4mica do Cofecon, falou \u00e0 Isto \u00c9<\/p>\n<p><a class=\"more-link\" href=\"https:\/\/cofecon.org.br\/cofecon\/?p=26903\">Leia Mais<\/a><\/p>\n","protected":false},"author":3,"featured_media":26904,"comment_status":"closed","ping_status":"closed","sticky":false,"template":"","format":"standard","meta":{"footnotes":""},"categories":[2],"tags":[],"class_list":["post-26903","post","type-post","status-publish","format-standard","has-post-thumbnail","hentry","category-noticias"],"_links":{"self":[{"href":"https:\/\/cofecon.org.br\/cofecon\/index.php?rest_route=\/wp\/v2\/posts\/26903"}],"collection":[{"href":"https:\/\/cofecon.org.br\/cofecon\/index.php?rest_route=\/wp\/v2\/posts"}],"about":[{"href":"https:\/\/cofecon.org.br\/cofecon\/index.php?rest_route=\/wp\/v2\/types\/post"}],"author":[{"embeddable":true,"href":"https:\/\/cofecon.org.br\/cofecon\/index.php?rest_route=\/wp\/v2\/users\/3"}],"replies":[{"embeddable":true,"href":"https:\/\/cofecon.org.br\/cofecon\/index.php?rest_route=%2Fwp%2Fv2%2Fcomments&post=26903"}],"version-history":[{"count":1,"href":"https:\/\/cofecon.org.br\/cofecon\/index.php?rest_route=\/wp\/v2\/posts\/26903\/revisions"}],"predecessor-version":[{"id":26905,"href":"https:\/\/cofecon.org.br\/cofecon\/index.php?rest_route=\/wp\/v2\/posts\/26903\/revisions\/26905"}],"wp:featuredmedia":[{"embeddable":true,"href":"https:\/\/cofecon.org.br\/cofecon\/index.php?rest_route=\/wp\/v2\/media\/26904"}],"wp:attachment":[{"href":"https:\/\/cofecon.org.br\/cofecon\/index.php?rest_route=%2Fwp%2Fv2%2Fmedia&parent=26903"}],"wp:term":[{"taxonomy":"category","embeddable":true,"href":"https:\/\/cofecon.org.br\/cofecon\/index.php?rest_route=%2Fwp%2Fv2%2Fcategories&post=26903"},{"taxonomy":"post_tag","embeddable":true,"href":"https:\/\/cofecon.org.br\/cofecon\/index.php?rest_route=%2Fwp%2Fv2%2Ftags&post=26903"}],"curies":[{"name":"wp","href":"https:\/\/api.w.org\/{rel}","templated":true}]}}