{"id":26899,"date":"2025-12-04T09:04:53","date_gmt":"2025-12-04T12:04:53","guid":{"rendered":"https:\/\/cofecon.org.br\/cofecon\/?p=26899"},"modified":"2025-12-04T09:04:54","modified_gmt":"2025-12-04T12:04:54","slug":"retrospectiva-2025-pbe-valorizando-talentos-e-trajetorias-na-economia-brasileira","status":"publish","type":"post","link":"https:\/\/cofecon.org.br\/cofecon\/?p=26899","title":{"rendered":"Retrospectiva 2025 \u2013 PBE: Valorizando Talentos e Trajet\u00f3rias na Economia Brasileira\u00a0"},"content":{"rendered":"\n<p><em>Pr\u00eamio Brasil de Economia destaca pesquisadores e profissionais que fortalecem a ci\u00eancia econ\u00f4mica e ampliam o olhar sobre o desenvolvimento do pa\u00eds<\/em>&nbsp;<\/p>\n\n\n\n<p>O XXXI Pr\u00eamio Brasil de Economia \u00e9 promovido pelo Conselho Federal de Economia (Cofecon) com o objetivo de incentivar a investiga\u00e7\u00e3o econ\u00f4mica e valorizar a produ\u00e7\u00e3o cient\u00edfica voltada \u00e0 realidade brasileira. Na categoria Livro, o vencedor foi Ladislau Dowbor, autor de \u201cOs Desafios da Revolu\u00e7\u00e3o Digital\u201d. Em Artigo T\u00e9cnico ou Cient\u00edfico, o primeiro lugar ficou com Tom\u00e1s Torezani, pelo trabalho \u201cO Papel dos Setores Formal e Informal na Evolu\u00e7\u00e3o da Produtividade Brasileira\u201d. A categoria Artigo Tem\u00e1tico, dedicada a estudantes e com foco na COP30, premiou Luiz Gustavo Ismael Hellmann, da Universidade do Extremo Sul Catarinense. J\u00e1 na categoria Monografia de Gradua\u00e7\u00e3o, o vencedor foi Felipe Marques Prado, da Universidade Estadual de Santa Cruz, com o estudo \u201cAn\u00e1lise Espacial da Pobreza Multidimensional no Norte do Brasil\u201d.&nbsp;<\/p>\n\n\n\n<p>Retrospectiva 2025: Continue nos acompanhando neste m\u00eas de dezembro para relembrar outros marcos importantes do Sistema Cofecon\/Corecons. Acompanhe, comente, compartilhe.&nbsp;<\/p>\n\n\n\n<p>#Retrospectiva2025 #Cofecon #Economistas #EconomiaQueTransforma #DesenvolvimentoParaOTodo #Valoriza\u00e7\u00e3oProfissional&nbsp;<\/p>\n","protected":false},"excerpt":{"rendered":"<p>Pr\u00eamio Brasil de Economia destaca pesquisadores e profissionais que fortalecem a ci\u00eancia econ\u00f4mica e ampliam o olhar sobre o desenvolvimento do pa\u00eds&nbsp; O XXXI Pr\u00eamio Brasil de Economia \u00e9 promovido pelo Conselho Federal de Economia (Cofecon) com o objetivo de<\/p>\n<p><a class=\"more-link\" href=\"https:\/\/cofecon.org.br\/cofecon\/?p=26899\">Leia Mais<\/a><\/p>\n","protected":false},"author":3,"featured_media":26871,"comment_status":"closed","ping_status":"closed","sticky":false,"template":"","format":"standard","meta":{"footnotes":""},"categories":[2],"tags":[],"class_list":["post-26899","post","type-post","status-publish","format-standard","has-post-thumbnail","hentry","category-noticias"],"_links":{"self":[{"href":"https:\/\/cofecon.org.br\/cofecon\/index.php?rest_route=\/wp\/v2\/posts\/26899"}],"collection":[{"href":"https:\/\/cofecon.org.br\/cofecon\/index.php?rest_route=\/wp\/v2\/posts"}],"about":[{"href":"https:\/\/cofecon.org.br\/cofecon\/index.php?rest_route=\/wp\/v2\/types\/post"}],"author":[{"embeddable":true,"href":"https:\/\/cofecon.org.br\/cofecon\/index.php?rest_route=\/wp\/v2\/users\/3"}],"replies":[{"embeddable":true,"href":"https:\/\/cofecon.org.br\/cofecon\/index.php?rest_route=%2Fwp%2Fv2%2Fcomments&post=26899"}],"version-history":[{"count":1,"href":"https:\/\/cofecon.org.br\/cofecon\/index.php?rest_route=\/wp\/v2\/posts\/26899\/revisions"}],"predecessor-version":[{"id":26900,"href":"https:\/\/cofecon.org.br\/cofecon\/index.php?rest_route=\/wp\/v2\/posts\/26899\/revisions\/26900"}],"wp:featuredmedia":[{"embeddable":true,"href":"https:\/\/cofecon.org.br\/cofecon\/index.php?rest_route=\/wp\/v2\/media\/26871"}],"wp:attachment":[{"href":"https:\/\/cofecon.org.br\/cofecon\/index.php?rest_route=%2Fwp%2Fv2%2Fmedia&parent=26899"}],"wp:term":[{"taxonomy":"category","embeddable":true,"href":"https:\/\/cofecon.org.br\/cofecon\/index.php?rest_route=%2Fwp%2Fv2%2Fcategories&post=26899"},{"taxonomy":"post_tag","embeddable":true,"href":"https:\/\/cofecon.org.br\/cofecon\/index.php?rest_route=%2Fwp%2Fv2%2Ftags&post=26899"}],"curies":[{"name":"wp","href":"https:\/\/api.w.org\/{rel}","templated":true}]}}