{"id":26897,"date":"2025-12-04T08:43:22","date_gmt":"2025-12-04T11:43:22","guid":{"rendered":"https:\/\/cofecon.org.br\/cofecon\/?p=26897"},"modified":"2025-12-04T08:43:23","modified_gmt":"2025-12-04T11:43:23","slug":"retrospectiva-2025-mes-do-economista","status":"publish","type":"post","link":"https:\/\/cofecon.org.br\/cofecon\/?p=26897","title":{"rendered":"Retrospectiva 2025 \u2013 M\u00eas do Economista\u00a0"},"content":{"rendered":"\n<p><em>Profissionais que constroem o futuro: campanha celebra o papel estrat\u00e9gico do economista na promo\u00e7\u00e3o de desenvolvimento, justi\u00e7a social e sustentabilidade<\/em>&nbsp;<\/p>\n\n\n\n<p>A campanha do Dia do Economista teve como foco valorizar o papel estrat\u00e9gico desse profissional na constru\u00e7\u00e3o de um futuro mais justo, sustent\u00e1vel e inclusivo. Com uma linguagem inspiradora, acess\u00edvel e conectada \u00e0s demandas atuais, o conte\u00fado destacou a import\u00e2ncia da atua\u00e7\u00e3o t\u00e9cnica e social do economista na promo\u00e7\u00e3o de pol\u00edticas e pr\u00e1ticas voltadas \u00e0 sustentabilidade, justi\u00e7a social, inova\u00e7\u00e3o, economia feminista e antirracista, justi\u00e7a tribut\u00e1ria e desenvolvimento regional. A iniciativa tamb\u00e9m refor\u00e7ou a relev\u00e2ncia da forma\u00e7\u00e3o e da habilita\u00e7\u00e3o legal como pilares da credibilidade e da \u00e9tica profissional.&nbsp;<\/p>\n\n\n\n<p>Para marcar a data, foi publicado um post especial nas redes sociais celebrando o compromisso do economista com o planejamento e o desenvolvimento do pa\u00eds. A mensagem \u2014 centrada na ideia de que \u201co futuro n\u00e3o \u00e9 dado, \u00e9 constru\u00eddo\u201d \u2014 gerou excelente engajamento e grande alcance no Instagram, fortalecendo a imagem institucional do Conselho e ampliando o di\u00e1logo com o p\u00fablico sobre o impacto transformador da economia na vida das pessoas.&nbsp;<\/p>\n\n\n\n<p>Retrospectiva 2025: Continue nos acompanhando neste m\u00eas de dezembro para relembrar outros marcos importantes do Sistema Cofecon\/Corecons. Acompanhe, comente, compartilhe.&nbsp;<\/p>\n\n\n\n<p>#Retrospectiva2025 #Cofecon #Economistas #EconomiaQueTransforma #DesenvolvimentoParaOTodo #Valoriza\u00e7\u00e3oProfissional&nbsp;<\/p>\n\n\n\n<p><\/p>\n\n\n\n<p><\/p>\n","protected":false},"excerpt":{"rendered":"<p>Profissionais que constroem o futuro: campanha celebra o papel estrat\u00e9gico do economista na promo\u00e7\u00e3o de desenvolvimento, justi\u00e7a social e sustentabilidade&nbsp; A campanha do Dia do Economista teve como foco valorizar o papel estrat\u00e9gico desse profissional na constru\u00e7\u00e3o de um futuro<\/p>\n<p><a class=\"more-link\" href=\"https:\/\/cofecon.org.br\/cofecon\/?p=26897\">Leia Mais<\/a><\/p>\n","protected":false},"author":3,"featured_media":26871,"comment_status":"closed","ping_status":"closed","sticky":false,"template":"","format":"standard","meta":{"footnotes":""},"categories":[2],"tags":[],"class_list":["post-26897","post","type-post","status-publish","format-standard","has-post-thumbnail","hentry","category-noticias"],"_links":{"self":[{"href":"https:\/\/cofecon.org.br\/cofecon\/index.php?rest_route=\/wp\/v2\/posts\/26897"}],"collection":[{"href":"https:\/\/cofecon.org.br\/cofecon\/index.php?rest_route=\/wp\/v2\/posts"}],"about":[{"href":"https:\/\/cofecon.org.br\/cofecon\/index.php?rest_route=\/wp\/v2\/types\/post"}],"author":[{"embeddable":true,"href":"https:\/\/cofecon.org.br\/cofecon\/index.php?rest_route=\/wp\/v2\/users\/3"}],"replies":[{"embeddable":true,"href":"https:\/\/cofecon.org.br\/cofecon\/index.php?rest_route=%2Fwp%2Fv2%2Fcomments&post=26897"}],"version-history":[{"count":1,"href":"https:\/\/cofecon.org.br\/cofecon\/index.php?rest_route=\/wp\/v2\/posts\/26897\/revisions"}],"predecessor-version":[{"id":26898,"href":"https:\/\/cofecon.org.br\/cofecon\/index.php?rest_route=\/wp\/v2\/posts\/26897\/revisions\/26898"}],"wp:featuredmedia":[{"embeddable":true,"href":"https:\/\/cofecon.org.br\/cofecon\/index.php?rest_route=\/wp\/v2\/media\/26871"}],"wp:attachment":[{"href":"https:\/\/cofecon.org.br\/cofecon\/index.php?rest_route=%2Fwp%2Fv2%2Fmedia&parent=26897"}],"wp:term":[{"taxonomy":"category","embeddable":true,"href":"https:\/\/cofecon.org.br\/cofecon\/index.php?rest_route=%2Fwp%2Fv2%2Fcategories&post=26897"},{"taxonomy":"post_tag","embeddable":true,"href":"https:\/\/cofecon.org.br\/cofecon\/index.php?rest_route=%2Fwp%2Fv2%2Ftags&post=26897"}],"curies":[{"name":"wp","href":"https:\/\/api.w.org\/{rel}","templated":true}]}}