{"id":26884,"date":"2025-12-04T08:30:33","date_gmt":"2025-12-04T11:30:33","guid":{"rendered":"https:\/\/cofecon.org.br\/cofecon\/?p=26884"},"modified":"2025-12-04T08:30:34","modified_gmt":"2025-12-04T11:30:34","slug":"retrospectiva-2025-posicoes-que-marcaram-o-ano","status":"publish","type":"post","link":"https:\/\/cofecon.org.br\/cofecon\/?p=26884","title":{"rendered":"Retrospectiva 2025 \u2013 Posi\u00e7\u00f5es que marcaram o ano\u00a0"},"content":{"rendered":"\n<p><em>Cofecon refor\u00e7a compromisso p\u00fablico com democracia, desenvolvimento e reconhecimento de grandes nomes da economia e da cultura<\/em>&nbsp;<\/p>\n\n\n\n<p>Em 2025, o Cofecon manteve posi\u00e7\u00e3o ativa nos debates nacionais, reafirmando seu compromisso com a democracia, o desenvolvimento e a defesa de pol\u00edticas p\u00fablicas essenciais para o pa\u00eds. Ao longo do ano, foram publicadas Notas Oficiais sobre temas estrat\u00e9gicos para a economia brasileira, incluindo:&nbsp;<\/p>\n\n\n\n<ul class=\"wp-block-list\">\n<li>10 de janeiro \u2013 <a href=\"https:\/\/cofecon.org.br\/cofecon\/?p=24508\" data-type=\"link\" data-id=\"https:\/\/cofecon.org.br\/cofecon\/?p=24508\">Cofecon reafirma compromisso com o Estado Democr\u00e1tico de Direito&nbsp;<\/a><\/li>\n<\/ul>\n\n\n\n<ul class=\"wp-block-list\">\n<li>1\u00ba de fevereiro \u2013 <a href=\"https:\/\/cofecon.org.br\/cofecon\/?p=24727\" data-type=\"link\" data-id=\"https:\/\/cofecon.org.br\/cofecon\/?p=24727\">Em defesa do IBGE<\/a>\u00a0<\/li>\n<\/ul>\n\n\n\n<ul class=\"wp-block-list\">\n<li>24 de fevereiro \u2013<a href=\"https:\/\/cofecon.org.br\/cofecon\/?p=25004\" data-type=\"link\" data-id=\"https:\/\/cofecon.org.br\/cofecon\/?p=25004\"> Queda das taxas de juros para manter o crescimento&nbsp;<\/a><\/li>\n<\/ul>\n\n\n\n<ul class=\"wp-block-list\">\n<li>31 de maio \u2013 <a href=\"https:\/\/cofecon.org.br\/cofecon\/?p=25552\" data-type=\"link\" data-id=\"https:\/\/cofecon.org.br\/cofecon\/?p=25552\">Em defesa da ministra Marina Silva e das mulheres na pol\u00edtica&nbsp;<\/a><\/li>\n<\/ul>\n\n\n\n<ul class=\"wp-block-list\">\n<li>18 de agosto \u2013 <a href=\"https:\/\/cofecon.org.br\/cofecon\/?p=26025\" data-type=\"link\" data-id=\"https:\/\/cofecon.org.br\/cofecon\/?p=26025\">Progressividade do imposto de renda e distribui\u00e7\u00e3o de renda&nbsp;<\/a><\/li>\n<\/ul>\n\n\n\n<ul class=\"wp-block-list\">\n<li>15 de setembro \u2013 <a href=\"https:\/\/cofecon.org.br\/cofecon\/?p=26226\" data-type=\"link\" data-id=\"https:\/\/cofecon.org.br\/cofecon\/?p=26226\">Pela soberania e autonomia nacional&nbsp;<\/a><\/li>\n<\/ul>\n\n\n\n<p>Al\u00e9m das manifesta\u00e7\u00f5es institucionais, a Presid\u00eancia do Cofecon tamb\u00e9m se posicionou sobre acontecimentos de relev\u00e2ncia nacional e internacional, destacando tanto a defesa de princ\u00edpios democr\u00e1ticos quanto o reconhecimento de personalidades cuja trajet\u00f3ria marcou a economia, a comunica\u00e7\u00e3o e a cultura brasileira. Entre as notas publicadas pela Presid\u00eancia:&nbsp;<\/p>\n\n\n\n<ul class=\"wp-block-list\">\n<li>28 de fevereiro \u2013 <a href=\"https:\/\/cofecon.org.br\/cofecon\/?p=25100\" data-type=\"link\" data-id=\"https:\/\/cofecon.org.br\/cofecon\/?p=25100\">Nota contra premia\u00e7\u00e3o a Javier Milei repercute na Argentina&nbsp;<\/a><\/li>\n<\/ul>\n\n\n\n<ul class=\"wp-block-list\">\n<li>26 de mar\u00e7o \u2013<a href=\"https:\/\/cofecon.org.br\/cofecon\/?p=25208\" data-type=\"link\" data-id=\"https:\/\/cofecon.org.br\/cofecon\/?p=25208\"> Nota de pesar pelo falecimento do economista Fuad Noman&nbsp;<\/a><\/li>\n<\/ul>\n\n\n\n<ul class=\"wp-block-list\">\n<li>2 de setembro \u2013 <a href=\"https:\/\/cofecon.org.br\/cofecon\/?p=26154\" data-type=\"link\" data-id=\"https:\/\/cofecon.org.br\/cofecon\/?p=26154\">Nota de pesar pelo falecimento do jornalista Mino Carta\u00a0<\/a><\/li>\n<\/ul>\n\n\n\n<ul class=\"wp-block-list\">\n<li>5 de setembro \u2013<a href=\"https:\/\/cofecon.org.br\/cofecon\/?p=26175\" data-type=\"link\" data-id=\"https:\/\/cofecon.org.br\/cofecon\/?p=26175\"> Nota de pesar pelo falecimento do cineasta Silvio Tendler&nbsp;<\/a><\/li>\n<\/ul>\n\n\n\n<p>O conjunto dessas manifesta\u00e7\u00f5es refor\u00e7ou o papel do Cofecon como institui\u00e7\u00e3o vigilante, atuante e comprometida com os valores que orientam a economia enquanto ferramenta de desenvolvimento e justi\u00e7a social.&nbsp;<\/p>\n\n\n\n<p>Retrospectiva 2025: Continue nos acompanhando neste m\u00eas de dezembro para relembrar outros marcos importantes do Sistema Cofecon\/Corecons. Acompanhe, comente, compartilhe.&nbsp;<\/p>\n\n\n\n<p>#Retrospectiva2025 #Cofecon #Economistas #EconomiaQueTransforma #DesenvolvimentoParaOTodo #Valoriza\u00e7\u00e3oProfissional&nbsp;<\/p>\n","protected":false},"excerpt":{"rendered":"<p>Cofecon refor\u00e7a compromisso p\u00fablico com democracia, desenvolvimento e reconhecimento de grandes nomes da economia e da cultura&nbsp; Em 2025, o Cofecon manteve posi\u00e7\u00e3o ativa nos debates nacionais, reafirmando seu compromisso com a democracia, o desenvolvimento e a defesa de pol\u00edticas<\/p>\n<p><a class=\"more-link\" href=\"https:\/\/cofecon.org.br\/cofecon\/?p=26884\">Leia Mais<\/a><\/p>\n","protected":false},"author":3,"featured_media":26871,"comment_status":"closed","ping_status":"closed","sticky":false,"template":"","format":"standard","meta":{"footnotes":""},"categories":[2],"tags":[],"class_list":["post-26884","post","type-post","status-publish","format-standard","has-post-thumbnail","hentry","category-noticias"],"_links":{"self":[{"href":"https:\/\/cofecon.org.br\/cofecon\/index.php?rest_route=\/wp\/v2\/posts\/26884"}],"collection":[{"href":"https:\/\/cofecon.org.br\/cofecon\/index.php?rest_route=\/wp\/v2\/posts"}],"about":[{"href":"https:\/\/cofecon.org.br\/cofecon\/index.php?rest_route=\/wp\/v2\/types\/post"}],"author":[{"embeddable":true,"href":"https:\/\/cofecon.org.br\/cofecon\/index.php?rest_route=\/wp\/v2\/users\/3"}],"replies":[{"embeddable":true,"href":"https:\/\/cofecon.org.br\/cofecon\/index.php?rest_route=%2Fwp%2Fv2%2Fcomments&post=26884"}],"version-history":[{"count":2,"href":"https:\/\/cofecon.org.br\/cofecon\/index.php?rest_route=\/wp\/v2\/posts\/26884\/revisions"}],"predecessor-version":[{"id":26896,"href":"https:\/\/cofecon.org.br\/cofecon\/index.php?rest_route=\/wp\/v2\/posts\/26884\/revisions\/26896"}],"wp:featuredmedia":[{"embeddable":true,"href":"https:\/\/cofecon.org.br\/cofecon\/index.php?rest_route=\/wp\/v2\/media\/26871"}],"wp:attachment":[{"href":"https:\/\/cofecon.org.br\/cofecon\/index.php?rest_route=%2Fwp%2Fv2%2Fmedia&parent=26884"}],"wp:term":[{"taxonomy":"category","embeddable":true,"href":"https:\/\/cofecon.org.br\/cofecon\/index.php?rest_route=%2Fwp%2Fv2%2Fcategories&post=26884"},{"taxonomy":"post_tag","embeddable":true,"href":"https:\/\/cofecon.org.br\/cofecon\/index.php?rest_route=%2Fwp%2Fv2%2Ftags&post=26884"}],"curies":[{"name":"wp","href":"https:\/\/api.w.org\/{rel}","templated":true}]}}