{"id":2688,"date":"2017-08-24T10:38:58","date_gmt":"2017-08-24T13:38:58","guid":{"rendered":"http:\/\/www.cofecon.org.br\/?p=2688"},"modified":"2017-08-24T10:38:58","modified_gmt":"2017-08-24T13:38:58","slug":"os-economistas","status":"publish","type":"post","link":"https:\/\/cofecon.org.br\/cofecon\/?p=2688","title":{"rendered":"Artigo &#8211; Os economistas"},"content":{"rendered":"<p style=\"text-align: justify;\"><span style=\"font-size: 12px; font-family: verdana,geneva,sans-serif;\">Em 13 de agosto comemorou-se o Dia do Economista, profiss\u00e3o regulamentada nesta data em 1951. H\u00e1 66 anos, a grande maioria da categoria, que tem no Conselho Federal de Economia sua m\u00e1xima representa\u00e7\u00e3o, se dedica \u00e0 constru\u00e7\u00e3o de um pa\u00eds pr\u00f3spero e mais justo, conforme reza nosso juramento: \u201cJuro fazer da minha profiss\u00e3o de Economista um instrumento n\u00e3o de valoriza\u00e7\u00e3o pessoal, mas sim utiliz\u00e1-lo para promo\u00e7\u00e3o do bem-estar social e econ\u00f4mico de meu povo e minha na\u00e7\u00e3o\u201d.<\/span><\/p>\n<p style=\"text-align: justify;\"><span style=\"font-size: 12px; font-family: verdana,geneva,sans-serif;\">Mas tal compromisso n\u00e3o \u00e9 consensual. A agenda econ\u00f4mica do governo Temer, que \u00e9 a agenda do setor financeiro e das grandes corpora\u00e7\u00f5es, \u00e9 defendida por um diminuto grupo de profissionais, focado exclusivamente na maximiza\u00e7\u00e3o dos lucros dos super-ricos, desprezando a promo\u00e7\u00e3o do bem-estar social e econ\u00f4mico do povo e da na\u00e7\u00e3o.<\/span><\/p>\n<p style=\"text-align: justify;\"><span style=\"font-size: 12px; font-family: verdana,geneva,sans-serif;\">Esses economistas defendem, por exemplo, as reformas trabalhista e previdenci\u00e1ria como condi\u00e7\u00e3o indispens\u00e1vel para reduzir o chamado Custo-Brasil, atribuindo ao custo do trabalho, sempre ele, o fator \u00fanico e determinante para a baixa competitividade de nossa economia, simplesmente desprezando a elevada taxa de juros, o c\u00e2mbio apreciado, a insuficiente e prec\u00e1ria infraestrutura, a baixa qualifica\u00e7\u00e3o da m\u00e3o-de-obra e o baix\u00edssimo investimento em inova\u00e7\u00e3o como determinantes da baixa produtividade brasileira.<\/span><\/p>\n<p style=\"text-align: justify;\"><span style=\"font-size: 12px; font-family: verdana,geneva,sans-serif;\">Recorrentemente demandados pela grande m\u00eddia, aparecem como a \u201cvoz dos economistas\u201d, mas de forma alguma falam pelos 250 mil economistas brasileiros. A grande maioria dos economistas deseja um Estado que atenda seus cidad\u00e3os, principalmente os mais vulner\u00e1veis, e n\u00e3o que transfira recursos p\u00fablicos para os mais ricos, na forma de juros da d\u00edvida p\u00fablica, subs\u00eddios e ren\u00fancia fiscal de toda sorte. Desejam tamb\u00e9m mudan\u00e7a no modelo tribut\u00e1rio, tornando-o progressivo, reduzindo a carga de tributos sobre o consumo e a produ\u00e7\u00e3o e aumentando sobre a riqueza e a renda do capital, fartamente isentas. Parab\u00e9ns, economistas brasileiros, pela dedica\u00e7\u00e3o a um Brasil melhor.<\/span><\/p>\n<hr \/>\n<p style=\"text-align: justify;\"><span style=\"font-size: 12px; font-family: verdana,geneva,sans-serif;\"><strong>J\u00falio Miragaya, Presidente do Conselho Federal de Economia<\/strong><\/span><\/p>\n","protected":false},"excerpt":{"rendered":"<p>Em 13 de agosto comemorou-se o Dia do Economista, profiss\u00e3o regulamentada nesta data em 1951. H\u00e1 66 anos, a grande maioria da categoria, que tem no Conselho Federal de Economia sua m\u00e1xima representa\u00e7\u00e3o, se dedica \u00e0 constru\u00e7\u00e3o de um pa\u00eds<\/p>\n<p><a class=\"more-link\" href=\"https:\/\/cofecon.org.br\/cofecon\/?p=2688\">Leia Mais<\/a><\/p>\n","protected":false},"author":1,"featured_media":2690,"comment_status":"open","ping_status":"open","sticky":false,"template":"","format":"standard","meta":{"footnotes":""},"categories":[6],"tags":[],"class_list":["post-2688","post","type-post","status-publish","format-standard","has-post-thumbnail","hentry","category-artigo"],"_links":{"self":[{"href":"https:\/\/cofecon.org.br\/cofecon\/index.php?rest_route=\/wp\/v2\/posts\/2688"}],"collection":[{"href":"https:\/\/cofecon.org.br\/cofecon\/index.php?rest_route=\/wp\/v2\/posts"}],"about":[{"href":"https:\/\/cofecon.org.br\/cofecon\/index.php?rest_route=\/wp\/v2\/types\/post"}],"author":[{"embeddable":true,"href":"https:\/\/cofecon.org.br\/cofecon\/index.php?rest_route=\/wp\/v2\/users\/1"}],"replies":[{"embeddable":true,"href":"https:\/\/cofecon.org.br\/cofecon\/index.php?rest_route=%2Fwp%2Fv2%2Fcomments&post=2688"}],"version-history":[{"count":0,"href":"https:\/\/cofecon.org.br\/cofecon\/index.php?rest_route=\/wp\/v2\/posts\/2688\/revisions"}],"wp:featuredmedia":[{"embeddable":true,"href":"https:\/\/cofecon.org.br\/cofecon\/index.php?rest_route=\/wp\/v2\/media\/2690"}],"wp:attachment":[{"href":"https:\/\/cofecon.org.br\/cofecon\/index.php?rest_route=%2Fwp%2Fv2%2Fmedia&parent=2688"}],"wp:term":[{"taxonomy":"category","embeddable":true,"href":"https:\/\/cofecon.org.br\/cofecon\/index.php?rest_route=%2Fwp%2Fv2%2Fcategories&post=2688"},{"taxonomy":"post_tag","embeddable":true,"href":"https:\/\/cofecon.org.br\/cofecon\/index.php?rest_route=%2Fwp%2Fv2%2Ftags&post=2688"}],"curies":[{"name":"wp","href":"https:\/\/api.w.org\/{rel}","templated":true}]}}