{"id":26879,"date":"2025-12-02T17:05:03","date_gmt":"2025-12-02T20:05:03","guid":{"rendered":"https:\/\/cofecon.org.br\/cofecon\/?p=26879"},"modified":"2025-12-02T17:05:04","modified_gmt":"2025-12-02T20:05:04","slug":"retrospectiva-2025-iii-seminario-da-mulher-economista-e-diversidade","status":"publish","type":"post","link":"https:\/\/cofecon.org.br\/cofecon\/?p=26879","title":{"rendered":"Retrospectiva 2025 \u2013 III Semin\u00e1rio da Mulher Economista e Diversidade\u00a0"},"content":{"rendered":"\n<p><em>Viol\u00eancia de g\u00eanero como pauta econ\u00f4mica: Salvador recebe debate nacional sobre impactos, pol\u00edticas e caminhos para a autonomia das mulheres<\/em>&nbsp;<\/p>\n\n\n\n<p>Nos dias 04 e 05 de setembro, Salvador sediou o III Semin\u00e1rio Nacional da Mulher Economista e Diversidade, realizado no audit\u00f3rio do Sebrae. Com o tema \u201cViol\u00eancia de G\u00eanero e Economia: Impactos e Sa\u00eddas Poss\u00edveis pelas Vias da Empregabilidade e do Empreendedorismo\u201d, o evento reuniu economistas, pesquisadoras e gestoras p\u00fablicas para discutir como a viol\u00eancia de g\u00eanero afeta o desenvolvimento econ\u00f4mico, a produtividade e a perman\u00eancia das mulheres no mercado de trabalho. A programa\u00e7\u00e3o contou com palestra magna e pain\u00e9is sobre impactos no PIB, mercado de trabalho, ass\u00e9dio, trabalho reprodutivo e alternativas para a autonomia econ\u00f4mica. Acesse <a href=\"https:\/\/www.youtube.com\/watch?v=eLKgykYAlHc&amp;list=PLGjD_gmSCx98XRi-tMlK9wBno83LKLySg&amp;pp=gAQB\" data-type=\"link\" data-id=\"https:\/\/www.youtube.com\/watch?v=eLKgykYAlHc&amp;list=PLGjD_gmSCx98XRi-tMlK9wBno83LKLySg&amp;pp=gAQB\">AQUI<\/a> para conferir o semin\u00e1rio completo.\u00a0<\/p>\n\n\n\n<p>O semin\u00e1rio ampliou o debate para diferentes p\u00fablicos, refor\u00e7ando que o enfrentamento \u00e0 viol\u00eancia de g\u00eanero \u00e9 tamb\u00e9m uma agenda econ\u00f4mica e de desenvolvimento. Al\u00e9m de analisar diagn\u00f3sticos e efeitos da desigualdade, foram apresentadas estrat\u00e9gias de inclus\u00e3o produtiva e empreendedorismo como caminhos para fortalecer a autonomia financeira das mulheres. Ao final, foi realizado um balan\u00e7o do movimento das mulheres economistas no Brasil e apresentada a \u201cCarta de Salvador\u201d.&nbsp;<\/p>\n\n\n\n<p>Confira tamb\u00e9m, clicando<a href=\"https:\/\/www.flickr.com\/photos\/202978729@N08\/albums\/72177720328848513\" data-type=\"link\" data-id=\"https:\/\/www.flickr.com\/photos\/202978729@N08\/albums\/72177720328848513\"> AQUI<\/a>, as fotos do evento.\u00a0\u00a0<\/p>\n\n\n\n<p>Retrospectiva 2025: Continue nos acompanhando neste m\u00eas de dezembro para relembrar outros marcos importantes do Sistema Cofecon\/Corecons. Acompanhe, comente, compartilhe.&nbsp;<\/p>\n\n\n\n<p>#Retrospectiva2025 #Cofecon #Economistas #EconomiaQueTransforma #DesenvolvimentoParaOTodo #Valoriza\u00e7\u00e3oProfissional&nbsp;<\/p>\n","protected":false},"excerpt":{"rendered":"<p>Viol\u00eancia de g\u00eanero como pauta econ\u00f4mica: Salvador recebe debate nacional sobre impactos, pol\u00edticas e caminhos para a autonomia das mulheres&nbsp; Nos dias 04 e 05 de setembro, Salvador sediou o III Semin\u00e1rio Nacional da Mulher Economista e Diversidade, realizado no<\/p>\n<p><a class=\"more-link\" href=\"https:\/\/cofecon.org.br\/cofecon\/?p=26879\">Leia Mais<\/a><\/p>\n","protected":false},"author":3,"featured_media":26871,"comment_status":"closed","ping_status":"closed","sticky":false,"template":"","format":"standard","meta":{"footnotes":""},"categories":[2],"tags":[],"class_list":["post-26879","post","type-post","status-publish","format-standard","has-post-thumbnail","hentry","category-noticias"],"_links":{"self":[{"href":"https:\/\/cofecon.org.br\/cofecon\/index.php?rest_route=\/wp\/v2\/posts\/26879"}],"collection":[{"href":"https:\/\/cofecon.org.br\/cofecon\/index.php?rest_route=\/wp\/v2\/posts"}],"about":[{"href":"https:\/\/cofecon.org.br\/cofecon\/index.php?rest_route=\/wp\/v2\/types\/post"}],"author":[{"embeddable":true,"href":"https:\/\/cofecon.org.br\/cofecon\/index.php?rest_route=\/wp\/v2\/users\/3"}],"replies":[{"embeddable":true,"href":"https:\/\/cofecon.org.br\/cofecon\/index.php?rest_route=%2Fwp%2Fv2%2Fcomments&post=26879"}],"version-history":[{"count":1,"href":"https:\/\/cofecon.org.br\/cofecon\/index.php?rest_route=\/wp\/v2\/posts\/26879\/revisions"}],"predecessor-version":[{"id":26880,"href":"https:\/\/cofecon.org.br\/cofecon\/index.php?rest_route=\/wp\/v2\/posts\/26879\/revisions\/26880"}],"wp:featuredmedia":[{"embeddable":true,"href":"https:\/\/cofecon.org.br\/cofecon\/index.php?rest_route=\/wp\/v2\/media\/26871"}],"wp:attachment":[{"href":"https:\/\/cofecon.org.br\/cofecon\/index.php?rest_route=%2Fwp%2Fv2%2Fmedia&parent=26879"}],"wp:term":[{"taxonomy":"category","embeddable":true,"href":"https:\/\/cofecon.org.br\/cofecon\/index.php?rest_route=%2Fwp%2Fv2%2Fcategories&post=26879"},{"taxonomy":"post_tag","embeddable":true,"href":"https:\/\/cofecon.org.br\/cofecon\/index.php?rest_route=%2Fwp%2Fv2%2Ftags&post=26879"}],"curies":[{"name":"wp","href":"https:\/\/api.w.org\/{rel}","templated":true}]}}