{"id":26867,"date":"2025-12-02T14:34:25","date_gmt":"2025-12-02T17:34:25","guid":{"rendered":"https:\/\/cofecon.org.br\/cofecon\/?p=26867"},"modified":"2025-12-02T14:51:35","modified_gmt":"2025-12-02T17:51:35","slug":"retrospectiva-2025-cooperacao-diversidade-e-desenvolvimento-reflexoes-da-semana-de-economia-solidaria-iniciativa-do-cofecon-e-do-corecon-df-debate-o-papel-estrategico-do-economista-no-fortale","status":"publish","type":"post","link":"https:\/\/cofecon.org.br\/cofecon\/?p=26867","title":{"rendered":"Retrospectiva 2025 &#8211; Coopera\u00e7\u00e3o, diversidade e desenvolvimento: Reflex\u00f5es da Semana de Economia Solid\u00e1ria\u00a0"},"content":{"rendered":"\n<p><em>Iniciativa do Cofecon e do Corecon-DF debate o papel estrat\u00e9gico do economista no fortalecimento de empreendimentos e pol\u00edticas de inclus\u00e3o produtiva.<\/em><\/p>\n\n\n\n<p>O Cofecon, em parceria com o Corecon-DF, promoveu nos dias 31 de julho e 1\u00ba de agosto a Semana de Economia Solid\u00e1ria, realizada na C\u00e2mara Legislativa do Distrito Federal e transmitida pelo YouTube. O evento, com inscri\u00e7\u00f5es gratuitas, discutiu o papel da economia solid\u00e1ria na constru\u00e7\u00e3o de modelos econ\u00f4micos orientados para a coopera\u00e7\u00e3o, a autogest\u00e3o e o desenvolvimento territorial, tendo como eixo o tema \u201cProtagonismo, diversidade e desenvolvimento: construindo um futuro inclusivo para a economia brasileira\u201d. Clique <a href=\"https:\/\/www.youtube.com\/live\/SvI9H5PedS8?si=XSX2IoVXkUkfsib5\" data-type=\"link\" data-id=\"https:\/\/www.youtube.com\/live\/SvI9H5PedS8?si=XSX2IoVXkUkfsib5\">AQUI<\/a> para assistir aos dois dias de evento.&nbsp;&nbsp;<\/p>\n\n\n\n<p>A programa\u00e7\u00e3o contou com mesas dedicadas \u00e0s pol\u00edticas p\u00fablicas para o setor, \u00e0s finan\u00e7as solid\u00e1rias e ao desenvolvimento territorial, reunindo economistas, lideran\u00e7as de empreendimentos solid\u00e1rios e representantes de institui\u00e7\u00f5es p\u00fablicas. O encontro destacou a import\u00e2ncia da atua\u00e7\u00e3o profissional do economista no apoio \u00e0 gest\u00e3o, ao planejamento e ao fortalecimento de iniciativas comunit\u00e1rias, reafirmando a economia solid\u00e1ria como uma estrat\u00e9gia para inclus\u00e3o produtiva e promo\u00e7\u00e3o do bem comum.&nbsp;<\/p>\n\n\n\n<p>Retrospectiva 2025: Continue nos acompanhando neste m\u00eas de dezembro para relembrar outros marcos importantes do Sistema Cofecon\/Corecons. Acompanhe, comente, compartilhe.&nbsp;<\/p>\n\n\n\n<p>#Retrospectiva2025 #Cofecon #Economistas #EconomiaQueTransforma #DesenvolvimentoParaOTodo #Valoriza\u00e7\u00e3oProfissional&nbsp;<\/p>\n\n\n\n<p><\/p>\n","protected":false},"excerpt":{"rendered":"<p>Iniciativa do Cofecon e do Corecon-DF debate o papel estrat\u00e9gico do economista no fortalecimento de empreendimentos e pol\u00edticas de inclus\u00e3o produtiva. O Cofecon, em parceria com o Corecon-DF, promoveu nos dias 31 de julho e 1\u00ba de agosto a Semana<\/p>\n<p><a class=\"more-link\" href=\"https:\/\/cofecon.org.br\/cofecon\/?p=26867\">Leia Mais<\/a><\/p>\n","protected":false},"author":3,"featured_media":26871,"comment_status":"closed","ping_status":"closed","sticky":false,"template":"","format":"standard","meta":{"footnotes":""},"categories":[2,1],"tags":[],"class_list":["post-26867","post","type-post","status-publish","format-standard","has-post-thumbnail","hentry","category-noticias","category-sem-categoria"],"_links":{"self":[{"href":"https:\/\/cofecon.org.br\/cofecon\/index.php?rest_route=\/wp\/v2\/posts\/26867"}],"collection":[{"href":"https:\/\/cofecon.org.br\/cofecon\/index.php?rest_route=\/wp\/v2\/posts"}],"about":[{"href":"https:\/\/cofecon.org.br\/cofecon\/index.php?rest_route=\/wp\/v2\/types\/post"}],"author":[{"embeddable":true,"href":"https:\/\/cofecon.org.br\/cofecon\/index.php?rest_route=\/wp\/v2\/users\/3"}],"replies":[{"embeddable":true,"href":"https:\/\/cofecon.org.br\/cofecon\/index.php?rest_route=%2Fwp%2Fv2%2Fcomments&post=26867"}],"version-history":[{"count":4,"href":"https:\/\/cofecon.org.br\/cofecon\/index.php?rest_route=\/wp\/v2\/posts\/26867\/revisions"}],"predecessor-version":[{"id":26875,"href":"https:\/\/cofecon.org.br\/cofecon\/index.php?rest_route=\/wp\/v2\/posts\/26867\/revisions\/26875"}],"wp:featuredmedia":[{"embeddable":true,"href":"https:\/\/cofecon.org.br\/cofecon\/index.php?rest_route=\/wp\/v2\/media\/26871"}],"wp:attachment":[{"href":"https:\/\/cofecon.org.br\/cofecon\/index.php?rest_route=%2Fwp%2Fv2%2Fmedia&parent=26867"}],"wp:term":[{"taxonomy":"category","embeddable":true,"href":"https:\/\/cofecon.org.br\/cofecon\/index.php?rest_route=%2Fwp%2Fv2%2Fcategories&post=26867"},{"taxonomy":"post_tag","embeddable":true,"href":"https:\/\/cofecon.org.br\/cofecon\/index.php?rest_route=%2Fwp%2Fv2%2Ftags&post=26867"}],"curies":[{"name":"wp","href":"https:\/\/api.w.org\/{rel}","templated":true}]}}