{"id":26853,"date":"2025-12-01T17:27:33","date_gmt":"2025-12-01T20:27:33","guid":{"rendered":"https:\/\/cofecon.org.br\/cofecon\/?p=26853"},"modified":"2026-01-20T10:27:09","modified_gmt":"2026-01-20T13:27:09","slug":"conheca-os-novos-conselheiros-federais-eleitos-para-o-trienio-2026-2028","status":"publish","type":"post","link":"https:\/\/cofecon.org.br\/cofecon\/?p=26853","title":{"rendered":"Conhe\u00e7a os novos conselheiros federais eleitos para o tri\u00eanio 2026-2028\u00a0"},"content":{"rendered":"\n<p><em>Assembleia de Delegados Eleitores foi realizada na manh\u00e3 de 1\u00ba de dezembro, em Bras\u00edlia, elegendo seis novos conselheiros federais efetivos e seis suplentes<\/em><\/p>\n\n\n\n<p>O Conselho Federal de Economia realizou na manh\u00e3 desta segunda-feira, 1\u00ba de dezembro, em Bras\u00edlia, a Assembleia de Delegados Eleitores \u2013 evento no qual s\u00e3o eleitos os novos conselheiros federais, com mandato no tri\u00eanio 2026-2028. Na ocasi\u00e3o, os delegados de cada Conselho Regional de Economia (eleitos no m\u00eas de outubro pelos economistas de todo o pa\u00eds) deram seus votos para escolher os novos integrantes do plen\u00e1rio do Cofecon.&nbsp;<\/p>\n\n\n\n<p>Foram eleitos os seguintes conselheiros federais: Carlos Magno Andrioli Bittencourt (registro 5207-PR), Fl\u00e1via Vinhaes Santos (24401-RJ), Janine da Silva Alves Bello (2420-SC), J\u00falio Fl\u00e1vio Gameiro Miragaya (4972-DF), Odilon Guedes Pinto J\u00fanior (5690-SP) e Wellington Leonardo da Silva (17083-RJ)\u00a0para o cargo de conselheiro efetivo; e Gustavo Souto de Noronha (23805-RJ), Hudson Garcia da Silva (1059-MS), Jos\u00e9lia Souza de Brito (1288-SE),\u00a0Kleber Ant\u00f4nio da Costa Mour\u00e3o (3146-PA\/AP), Sergio Roberto Rodrigues (20640-SP) e Vicente Ferrer Augusto Gon\u00e7alves (1625-CE) como conselheiros suplentes.\u00a0<\/p>\n\n\n\n<p>A presidenta do Cofecon, Tania Cristina Teixeira, participou da reuni\u00e3o de forma remota e agradeceu a participa\u00e7\u00e3o dos delegados ap\u00f3s a elei\u00e7\u00e3o. \u201cO Conselho Federal de Economia vai continuar realizando um trabalho importante pelos economistas deste pa\u00eds, comprometido com a sociedade brasileira, com as institui\u00e7\u00f5es e com a democracia\u201d, afirmou a presidenta.&nbsp;&nbsp;<\/p>\n\n\n\n<p><strong>Perfil dos conselheiros eleitos<\/strong>&nbsp;<\/p>\n\n\n\n<p><strong>Carlos Magno Andrioli Bittencourt<\/strong> \u2013 Economista com especializa\u00e7\u00e3o em Gest\u00e3o e Lideran\u00e7a Universit\u00e1ria (PUCPR), em Finan\u00e7as das Empresas (ISPG) e em Sistemas de Informa\u00e7\u00f5es (FAE Business School). Mestre e doutor em Engenharia de Produ\u00e7\u00e3o (UFSC). Consultor de empresas, professor de gradua\u00e7\u00e3o e p\u00f3s-gradua\u00e7\u00e3o. Foi presidente do Corecon-PR e conselheiro suplente do Cofecon.&nbsp;<\/p>\n\n\n\n<p><strong>Fl\u00e1via Vinhaes Santos<\/strong> &#8211; Doutora em economia pela UFRJ, mestre em planejamento urbano e regional (IPPUR), com experi\u00eancia nas \u00e1reas de mercado de trabalho e prote\u00e7\u00e3o social. \u00c9 diretora-executiva do IBGE. Trabalhou como economista plena da Petrobras Transportes S.A. \u00c9 professora em diversas institui\u00e7\u00f5es de ensino superior e de p\u00f3s-gradua\u00e7\u00e3o. &nbsp;<\/p>\n\n\n\n<p><strong>Janine da Silva Alves Bello<\/strong> \u2013 Economista, doutora em Engenharia e Gest\u00e3o do Conhecimento (UFSC). \u00c9 vice-l\u00edder do Grupo de Pesquisa Interdisciplinar em Conhecimento, Aprendizagem e Mem\u00f3ria Organizacional (UFSC). Colunista do portal Making Of. Foi professora da UFSC e da Univali. \u00c9 vice-presidente do Corecon-SC.&nbsp;<\/p>\n\n\n\n<p><strong>J\u00falio Fl\u00e1vio Gameiro Miragaya<\/strong> \u2013 Graduado pela Faculdade de Ci\u00eancias Pol\u00edticas e Econ\u00f4micas do Rio de Janeiro, especialista em Planejamento Urbano e Regional (UFRJ), mestre em Gest\u00e3o Territorial (UnB) e doutor em Desenvolvimento Sustent\u00e1vel (UnB). Atuou no Minist\u00e9rio da Integra\u00e7\u00e3o Nacional e foi presidente da Companhia de Planejamento do Distrito Federal (Codeplan) e diretor t\u00e9cnico e de Atendimento do Sebrae\/DF. Foi presidente do Corecon-DF e do Cofecon.&nbsp;<\/p>\n\n\n\n<p><strong>Odilon Guedes Pinto Junior<\/strong> &#8211; Economista, mestre em Economia pela PUCSP e especialista em finan\u00e7as p\u00fablicas. Foi professor na FAAP e nas Faculdades Oswaldo Cruz e professor convidado na FGV-SP e na EACH\/USP. Foi vereador em S\u00e3o Paulo por dois mandatos e exerceu o cargo de subprefeito. \u00c9 autor do livro Or\u00e7amento P\u00fablico e Cidadania e coordenador da campanha Or\u00e7amento P\u00fablico e Transpar\u00eancia Popular, do Corecon-SP. Foi presidente do Sindecon-SP e \u00e9 presidente do Corecon-SP.&nbsp;<\/p>\n\n\n\n<p><strong>Wellington Leonardo da Silva<\/strong> &#8211; Graduado pela Universidade Gama Filho. Trabalhou no setor privado na \u00e1rea de com\u00e9rcio internacional. Lecionou nas faculdades Veiga de Almeida e Gama Filho. \u00c9 secret\u00e1rio-executivo do Corecon-RJ, consultor em Planejamento Estrat\u00e9gico Situacional e diretor do Sindicato dos Economistas do Estado do Rio de Janeiro. \u00c9 ex-presidente do Cofecon.&nbsp;<\/p>\n\n\n\n<p><strong>Conselheiros suplentes<\/strong>&nbsp;<\/p>\n\n\n\n<p><strong>Gustavo Souto de Noronha <\/strong>\u2013 Graduado pela UFRJ, com mestrado em Economia pela UFF. Economista do INCRA, onde atualmente exerce o cargo de Diretor de Gest\u00e3o Estrat\u00e9gica.&nbsp;<\/p>\n\n\n\n<p><strong>Hudson Garcia da Silva<\/strong> \u2013 Economista, com MBA em Administra\u00e7\u00e3o e Finan\u00e7as, MBA em ESG e Inova\u00e7\u00e3o, MBA Executivo em Economia e Agroneg\u00f3cios e MBA Executivo em Gest\u00e3o de Cooperativas. \u00c9 tamb\u00e9m especialista em Gest\u00e3o do Turismo e Hospitalidade, Administra\u00e7\u00e3o P\u00fablica e Gest\u00e3o, Planejamento Estrat\u00e9gico, Gest\u00e3o de Cooperativas e Gest\u00e3o de Agroneg\u00f3cios. Atua como Diretor de Neg\u00f3cios da AGRICON Consultoria.&nbsp;<\/p>\n\n\n\n<p><strong>Jos\u00e9lia Souza de Brito<\/strong> &#8211; Economista, advogada, t\u00e9cnica em contabilidade, mestre em desenvolvimento regional e gest\u00e3o de empreendimentos locais, especialista em contabilidade p\u00fablica e Lei de Responsabilidade Fiscal, perita e diretora financeira da Defensoria P\u00fablica do Estado de Sergipe.&nbsp;&nbsp;&nbsp;<\/p>\n\n\n\n<p><strong>Kleber Ant\u00f4nio da Costa Mour\u00e3o<\/strong> \u2013 Economista, especialista em Gest\u00e3o e Doc\u00eancia do Ensino Superior (Unama) e em Economia do Trabalho (UFPA). Mestre em Economia (Unama) e doutor em Administra\u00e7\u00e3o\/Gest\u00e3o da Sustentabilidade (Unama). Economista da Superintend\u00eancia do Desenvolvimento da Amaz\u00f4nia. Foi economista do Banco da Amaz\u00f4nia. \u00c9 organizador e coautor de livros e presidente do Corecon-PA\/AP.&nbsp;<\/p>\n\n\n\n<p><strong>Sergio Roberto Rodrigues<\/strong> &#8211; Graduado pela Universidade Cat\u00f3lica de Santos (na qual lecionou por 10 anos) e p\u00f3s-graduado em Educa\u00e7\u00e3o Ambiental (Senac-RJ). Foi gestor de pol\u00edticas p\u00fablicas em Santos, Guaruj\u00e1, Cubat\u00e3o, S\u00e3o Jos\u00e9 dos Campos, Santo Andr\u00e9 e Osasco. Foi correspondente banc\u00e1rio da Caixa e criador do N\u00facleo Dialogus. \u00c9 perito econ\u00f4mico-financeiro e ambiental e mediador.&nbsp;<\/p>\n\n\n\n<p><strong>Vicente Ferrer Augusto Gon\u00e7alves <\/strong>&#8211; Economista, p\u00f3s-graduado em marketing e mestre em economia (UFC). Possui especializa\u00e7\u00e3o em Mercado Imobili\u00e1rio e Avaliador Imobili\u00e1rio. Foi presidente do Sindecon-CE e do Corecon-CE e vice-presidente de Assuntos Sindicais da Fenecon. Ambientalista, criou o Movimento Fortaleza mais Verde, com o objetivo de ampliar a \u00e1rea verde da capital, al\u00e9m de reduzir o uso e consumo de materiais pl\u00e1sticos.&nbsp;<\/p>\n\n\n\n<p><strong>O processo eleitoral<\/strong>&nbsp;<\/p>\n\n\n\n<p>O plen\u00e1rio do Conselho Federal de Economia possui 18 conselheiros efetivos e 18 suplentes, e \u00e9 dividido em tr\u00eas ter\u00e7os, cujos mandatos s\u00e3o de tr\u00eas anos, por\u00e9m n\u00e3o coincidentes (2023-25, 2024-26 e 2025-27). Desta forma, a cada ano um dos ter\u00e7os \u00e9 substitu\u00eddo por novos conselheiros, sendo permitida uma reelei\u00e7\u00e3o.&nbsp;<\/p>\n\n\n\n<p>No m\u00eas de outubro, quando se realizam as elei\u00e7\u00f5es dos Conselhos Regionais de Economia, cada chapa inscrita cont\u00e9m um delegado-eleitor efetivo e um suplente. Estes s\u00e3o os respons\u00e1veis por representar o respectivo Corecon na Assembleia \u2013 que foi realizada hoje, completando assim o processo iniciado com os votos da categoria.&nbsp;<\/p>\n\n\n\n<p>Na Assembleia, cada delegado-eleitor det\u00e9m um n\u00famero de votos proporcional \u00e0 quantidade de economistas que se encontram adimplentes junto ao respectivo Regional: at\u00e9 o limite de 2.000, um voto para cada 100 economistas; e acima deste limite, um voto para cada 200.&nbsp;<\/p>\n\n\n\n<p>Os candidatos eleitos pela Assembleia far\u00e3o parte do plen\u00e1rio do Cofecon no tri\u00eanio 2025-2027, substituindo aqueles que tiveram mandato no per\u00edodo de 2022-2024.&nbsp;<\/p>\n\n\n\n<p>Confira o \u00e1lbum de fotos da ADE clicando <a href=\"https:\/\/flic.kr\/s\/aHBqjCCpAX\">AQUI<\/a> ou diretamente no \u00e1lbum abaixo.<\/p>\n\n\n\n<a data-flickr-embed=\"true\" href=\"https:\/\/www.flickr.com\/photos\/203884794@N05\/albums\/72177720330647495\" title=\"ADE 2025 - Assembleia de Delegados Eleitores \"><img loading=\"lazy\" decoding=\"async\" src=\"https:\/\/live.staticflickr.com\/65535\/54958223540_4978616211.jpg\" width=\"500\" height=\"375\" alt=\"ADE 2025 - Assembleia de Delegados Eleitores \"\/><\/a><script async src=\"\/\/embedr.flickr.com\/assets\/client-code.js\" charset=\"utf-8\"><\/script>\n","protected":false},"excerpt":{"rendered":"<p>Assembleia de Delegados Eleitores foi realizada na manh\u00e3 de 1\u00ba de dezembro, em Bras\u00edlia, elegendo seis novos conselheiros federais efetivos e seis suplentes O Conselho Federal de Economia realizou na manh\u00e3 desta segunda-feira, 1\u00ba de dezembro, em Bras\u00edlia, a Assembleia<\/p>\n<p><a class=\"more-link\" href=\"https:\/\/cofecon.org.br\/cofecon\/?p=26853\">Leia Mais<\/a><\/p>\n","protected":false},"author":3,"featured_media":26854,"comment_status":"closed","ping_status":"closed","sticky":false,"template":"","format":"standard","meta":{"footnotes":""},"categories":[1],"tags":[],"class_list":["post-26853","post","type-post","status-publish","format-standard","has-post-thumbnail","hentry","category-sem-categoria"],"_links":{"self":[{"href":"https:\/\/cofecon.org.br\/cofecon\/index.php?rest_route=\/wp\/v2\/posts\/26853"}],"collection":[{"href":"https:\/\/cofecon.org.br\/cofecon\/index.php?rest_route=\/wp\/v2\/posts"}],"about":[{"href":"https:\/\/cofecon.org.br\/cofecon\/index.php?rest_route=\/wp\/v2\/types\/post"}],"author":[{"embeddable":true,"href":"https:\/\/cofecon.org.br\/cofecon\/index.php?rest_route=\/wp\/v2\/users\/3"}],"replies":[{"embeddable":true,"href":"https:\/\/cofecon.org.br\/cofecon\/index.php?rest_route=%2Fwp%2Fv2%2Fcomments&post=26853"}],"version-history":[{"count":9,"href":"https:\/\/cofecon.org.br\/cofecon\/index.php?rest_route=\/wp\/v2\/posts\/26853\/revisions"}],"predecessor-version":[{"id":27200,"href":"https:\/\/cofecon.org.br\/cofecon\/index.php?rest_route=\/wp\/v2\/posts\/26853\/revisions\/27200"}],"wp:featuredmedia":[{"embeddable":true,"href":"https:\/\/cofecon.org.br\/cofecon\/index.php?rest_route=\/wp\/v2\/media\/26854"}],"wp:attachment":[{"href":"https:\/\/cofecon.org.br\/cofecon\/index.php?rest_route=%2Fwp%2Fv2%2Fmedia&parent=26853"}],"wp:term":[{"taxonomy":"category","embeddable":true,"href":"https:\/\/cofecon.org.br\/cofecon\/index.php?rest_route=%2Fwp%2Fv2%2Fcategories&post=26853"},{"taxonomy":"post_tag","embeddable":true,"href":"https:\/\/cofecon.org.br\/cofecon\/index.php?rest_route=%2Fwp%2Fv2%2Ftags&post=26853"}],"curies":[{"name":"wp","href":"https:\/\/api.w.org\/{rel}","templated":true}]}}