{"id":26850,"date":"2025-12-01T17:16:57","date_gmt":"2025-12-01T20:16:57","guid":{"rendered":"https:\/\/cofecon.org.br\/cofecon\/?p=26850"},"modified":"2025-12-02T14:47:17","modified_gmt":"2025-12-02T17:47:17","slug":"retrospectiva-2025-cofecon-desenvolve-programa-de-trabalho-com-foco-em-protagonismo-diversidade-e-desenvolvimento","status":"publish","type":"post","link":"https:\/\/cofecon.org.br\/cofecon\/?p=26850","title":{"rendered":"Retrospectiva 2025 &#8211; Cofecon desenvolve programa de trabalho com foco em protagonismo, diversidade e desenvolvimento\u00a0"},"content":{"rendered":"\n<p><em>Hoje, 1 de dezembro, come\u00e7amos a Retrospectiva Cofecon 2025!<\/em><\/p>\n\n\n\n<p>A 739\u00aa Sess\u00e3o Plen\u00e1ria do Cofecon, realizada em fevereiro de 2025, marcou o in\u00edcio da gest\u00e3o da presidenta Tania Cristina Teixeira e do vice-presidente Jo\u00e3o Manoel Gon\u00e7alves Barbosa, e foi palco da aprova\u00e7\u00e3o do programa de trabalho para o exerc\u00edcio de 2025. Sob o lema \u201cProtagonismo, diversidade e desenvolvimento\u201d, o plano consolidou as diretrizes estrat\u00e9gicas que orientaram as a\u00e7\u00f5es do Cofecon ao longo do ano, reafirmando o compromisso da autarquia com o fortalecimento da profiss\u00e3o de economista e com a promo\u00e7\u00e3o de um debate econ\u00f4mico plural, sustent\u00e1vel e socialmente respons\u00e1vel.&nbsp;<\/p>\n\n\n\n<p>Os eixos priorit\u00e1rios definidos para o per\u00edodo buscaram impulsionar uma economia mais equitativa e comprometida com o bem-estar coletivo. Entre eles, destacaram-se: desenvolvimento e sustentabilidade, voltado \u00e0 promo\u00e7\u00e3o de pol\u00edticas de crescimento econ\u00f4mico com responsabilidade social e ambiental; diversidade e igualdade, que visou ampliar a representatividade de diferentes perfis de economistas nos espa\u00e7os institucionais; e o reconhecimento do protagonismo da profissional economista, com foco no fortalecimento da presen\u00e7a feminina na profiss\u00e3o e em cargos de lideran\u00e7a.&nbsp;<\/p>\n\n\n\n<p>A implementa\u00e7\u00e3o dessas diretrizes se deu por meio de um conjunto de oito grupos de a\u00e7\u00f5es, abrangendo \u00e1reas como protagonismo, diversidade, sustentabilidade, parcerias, transpar\u00eancia e fortalecimento institucional. Foram priorizadas medidas voltadas \u00e0 redu\u00e7\u00e3o das desigualdades sociais, \u00e0 valoriza\u00e7\u00e3o da economia solid\u00e1ria, \u00e0 participa\u00e7\u00e3o ativa nos debates da COP30, e ao combate a todas as formas de preconceito. O plano tamb\u00e9m refor\u00e7ou o papel do Cofecon como refer\u00eancia no debate sobre desenvolvimento sustent\u00e1vel e justi\u00e7a econ\u00f4mica, estimulando estudos, propostas e articula\u00e7\u00f5es com entidades nacionais e internacionais.&nbsp;<\/p>\n\n\n\n<p>Al\u00e9m das metas estrat\u00e9gicas, o programa contemplou a\u00e7\u00f5es administrativas e institucionais voltadas ao fortalecimento do Sistema Cofecon\/Corecons, \u00e0 forma\u00e7\u00e3o cont\u00ednua dos profissionais, \u00e0 aprova\u00e7\u00e3o de marcos legais relevantes, e \u00e0 amplia\u00e7\u00e3o da transpar\u00eancia e da participa\u00e7\u00e3o social por meio do Portal da Transpar\u00eancia. Dessa forma, a nova gest\u00e3o consolidou uma agenda de trabalho alinhada \u00e0s transforma\u00e7\u00f5es contempor\u00e2neas, colocando a diversidade, a \u00e9tica e a sustentabilidade no centro da atua\u00e7\u00e3o do Conselho Federal de Economia.&nbsp;<\/p>\n\n\n\n<p>Ao longo de 2025, o Cofecon desenvolveu uma s\u00e9rie de a\u00e7\u00f5es concretas que materializaram as diretrizes do programa de trabalho aprovado, fortalecendo sua atua\u00e7\u00e3o institucional e seu compromisso com o protagonismo, a diversidade e o desenvolvimento sustent\u00e1vel. As iniciativas abrangeram desde a amplia\u00e7\u00e3o da presen\u00e7a feminina e da diversidade nos espa\u00e7os de decis\u00e3o at\u00e9 a promo\u00e7\u00e3o de debates sobre desigualdade social, economia solid\u00e1ria e transi\u00e7\u00e3o ecol\u00f3gica. Tamb\u00e9m houve avan\u00e7os em transpar\u00eancia, forma\u00e7\u00e3o profissional e di\u00e1logo com a sociedade.&nbsp;&nbsp;<\/p>\n\n\n\n<p>Nos pr\u00f3ximos dias, iremos apresentar a retrospectiva 2025, e destacaremos os grandes momentos do Sistema Cofecon\/Corecons. Acompanhe, comente, compartilhe.&nbsp;&nbsp;<\/p>\n\n\n\n<p>#Retrospectiva2025 #Cofecon #Economistas #EconomiaQueTransforma #DesenvolvimentoParaOTodo #Valoriza\u00e7\u00e3oProfissional&nbsp;<\/p>\n","protected":false},"excerpt":{"rendered":"<p>Hoje, 1 de dezembro, come\u00e7amos a Retrospectiva Cofecon 2025! A 739\u00aa Sess\u00e3o Plen\u00e1ria do Cofecon, realizada em fevereiro de 2025, marcou o in\u00edcio da gest\u00e3o da presidenta Tania Cristina Teixeira e do vice-presidente Jo\u00e3o Manoel Gon\u00e7alves Barbosa, e foi palco<\/p>\n<p><a class=\"more-link\" href=\"https:\/\/cofecon.org.br\/cofecon\/?p=26850\">Leia Mais<\/a><\/p>\n","protected":false},"author":3,"featured_media":26870,"comment_status":"closed","ping_status":"closed","sticky":false,"template":"","format":"standard","meta":{"footnotes":""},"categories":[2],"tags":[],"class_list":["post-26850","post","type-post","status-publish","format-standard","has-post-thumbnail","hentry","category-noticias"],"_links":{"self":[{"href":"https:\/\/cofecon.org.br\/cofecon\/index.php?rest_route=\/wp\/v2\/posts\/26850"}],"collection":[{"href":"https:\/\/cofecon.org.br\/cofecon\/index.php?rest_route=\/wp\/v2\/posts"}],"about":[{"href":"https:\/\/cofecon.org.br\/cofecon\/index.php?rest_route=\/wp\/v2\/types\/post"}],"author":[{"embeddable":true,"href":"https:\/\/cofecon.org.br\/cofecon\/index.php?rest_route=\/wp\/v2\/users\/3"}],"replies":[{"embeddable":true,"href":"https:\/\/cofecon.org.br\/cofecon\/index.php?rest_route=%2Fwp%2Fv2%2Fcomments&post=26850"}],"version-history":[{"count":1,"href":"https:\/\/cofecon.org.br\/cofecon\/index.php?rest_route=\/wp\/v2\/posts\/26850\/revisions"}],"predecessor-version":[{"id":26852,"href":"https:\/\/cofecon.org.br\/cofecon\/index.php?rest_route=\/wp\/v2\/posts\/26850\/revisions\/26852"}],"wp:featuredmedia":[{"embeddable":true,"href":"https:\/\/cofecon.org.br\/cofecon\/index.php?rest_route=\/wp\/v2\/media\/26870"}],"wp:attachment":[{"href":"https:\/\/cofecon.org.br\/cofecon\/index.php?rest_route=%2Fwp%2Fv2%2Fmedia&parent=26850"}],"wp:term":[{"taxonomy":"category","embeddable":true,"href":"https:\/\/cofecon.org.br\/cofecon\/index.php?rest_route=%2Fwp%2Fv2%2Fcategories&post=26850"},{"taxonomy":"post_tag","embeddable":true,"href":"https:\/\/cofecon.org.br\/cofecon\/index.php?rest_route=%2Fwp%2Fv2%2Ftags&post=26850"}],"curies":[{"name":"wp","href":"https:\/\/api.w.org\/{rel}","templated":true}]}}