{"id":26835,"date":"2025-11-29T12:28:22","date_gmt":"2025-11-29T15:28:22","guid":{"rendered":"https:\/\/cofecon.org.br\/cofecon\/?p=26835"},"modified":"2025-11-29T12:28:23","modified_gmt":"2025-11-29T15:28:23","slug":"cofecon-lanca-e-book-oficial-do-xxvi-congresso-brasileiro-de-economia","status":"publish","type":"post","link":"https:\/\/cofecon.org.br\/cofecon\/?p=26835","title":{"rendered":"Cofecon lan\u00e7a e-book oficial do XXVI Congresso Brasileiro de Economia"},"content":{"rendered":"\n<p><em>&#8220;Ideias que Transformam: S\u00edntese das palestras e debates do Congresso Brasileiro de Economia&#8221; re\u00fane os destaques do evento em um \u00fanico material para acesso gratuito<\/em><\/p>\n\n\n\n<p>O Conselho Federal de Economia (Cofecon) lan\u00e7a mais um produto estrat\u00e9gico do XXVI Congresso Brasileiro de Economia (CBE 2025): o e-book oficial do evento, &#8220;Ideias que Transformam: S\u00edntese das palestras e debates do Congresso Brasileiro de Economia&#8221;, uma publica\u00e7\u00e3o que re\u00fane os principais conte\u00fados apresentados ao longo do Congresso, realizado de 6 a 10 de outubro, em Porto Alegre. Clique <a href=\"https:\/\/online.flippingbook.com\/view\/178437448\/\">AQUI<\/a> para acessar e baixar o material completo.<\/p>\n\n\n\n<p>O material consolida palestras, pain\u00e9is, debates, resumos tem\u00e1ticos e links para acesso integral \u00e0s apresenta\u00e7\u00f5es e grava\u00e7\u00f5es, tornando-se uma refer\u00eancia indispens\u00e1vel para estudantes, economistas, docentes, gestores p\u00fablicos e pesquisadores que desejam revisitar ou aprofundar as discuss\u00f5es que marcaram o congresso.<\/p>\n\n\n\n<p><strong>Um registro permanente do maior encontro de economia do pa\u00eds<\/strong><\/p>\n\n\n\n<p>O e-book foi desenvolvido com o prop\u00f3sito de preservar e ampliar o alcance do conhecimento compartilhado no evento, fortalecendo o legado do CBE 2025 como um dos mais importantes espa\u00e7os de debate econ\u00f4mico do Brasil.<\/p>\n\n\n\n<p>Ao reunir contribui\u00e7\u00f5es de especialistas renomados, representantes governamentais, acad\u00eamicos e profissionais do Sistema Cofecon\/Corecons, a publica\u00e7\u00e3o refor\u00e7a o compromisso institucional com a difus\u00e3o do pensamento econ\u00f4mico cr\u00edtico, propositivo e orientado para solu\u00e7\u00f5es.<\/p>\n\n\n\n<p><strong>Conte\u00fado completo: da abertura ao manifesto final<\/strong><\/p>\n\n\n\n<p>Com mais de 50 t\u00f3picos, o sum\u00e1rio percorre toda a diversidade tem\u00e1tica do Congresso, destacando temas centrais da agenda econ\u00f4mica contempor\u00e2nea, como:<\/p>\n\n\n\n<ul class=\"wp-block-list\">\n<li>papel do Estado e organiza\u00e7\u00e3o pol\u00edtico-social;<\/li>\n\n\n\n<li>qualidade do gasto p\u00fablico e desenvolvimento sustent\u00e1vel;<\/li>\n\n\n\n<li>cen\u00e1rio geopol\u00edtico e macroecon\u00f4mico;<\/li>\n\n\n\n<li>intelig\u00eancia artificial e o futuro da profiss\u00e3o;<\/li>\n\n\n\n<li>tributa\u00e7\u00e3o da renda e da riqueza;<\/li>\n\n\n\n<li>economia criativa, sa\u00fade, clima e agricultura familiar;<\/li>\n\n\n\n<li>economia da mulher, diversidade e desafios sociais;<\/li>\n\n\n\n<li>per\u00edcia econ\u00f4mico-financeira e suas novas fronteiras;<\/li>\n\n\n\n<li>desigualdade, produtividade e educa\u00e7\u00e3o;<\/li>\n\n\n\n<li>inova\u00e7\u00e3o no agroneg\u00f3cio e na economia regional;<\/li>\n\n\n\n<li>desafios do mercado financeiro e da Previd\u00eancia Social;<\/li>\n\n\n\n<li>manifesto por um Brasil l\u00edder na transi\u00e7\u00e3o justa e no equil\u00edbrio clim\u00e1tico.<\/li>\n<\/ul>\n\n\n\n<p>A publica\u00e7\u00e3o tamb\u00e9m traz uma cobertura completa do Encontro de Funcion\u00e1rios do Sistema Cofecon\/Corecons, do F\u00f3rum da Mulher Economista e da Gincana Nacional de Economia, al\u00e9m das homenagens, premia\u00e7\u00f5es e da tradicional Carta de Porto Alegre, documento que marca o encerramento do Congresso.<\/p>\n\n\n\n<p><strong>Apoio institucional e compromisso com o desenvolvimento<\/strong><\/p>\n\n\n\n<p>A realiza\u00e7\u00e3o do CBE 2025 e da presente publica\u00e7\u00e3o s\u00f3 foi poss\u00edvel gra\u00e7as ao patroc\u00ednio e \u00e0 vis\u00e3o estrat\u00e9gica de institui\u00e7\u00f5es comprometidas com o desenvolvimento econ\u00f4mico do pa\u00eds. O Cofecon destaca:<\/p>\n\n\n\n<ul class=\"wp-block-list\">\n<li>Governo Federal e BNDES, pelo apoio ao avan\u00e7o do pensamento econ\u00f4mico brasileiro;<\/li>\n\n\n\n<li>Vero\/Banrisul, Monte Bravo, BRDE e os Corecons do RJ, SP, PE, PR e MS, pelo incentivo e confian\u00e7a no evento;<\/li>\n\n\n\n<li>Valor Fiscal (Intelig\u00eancia Tribut\u00e1ria), pelo apoio adicional \u00e0s atividades do Congresso.<\/li>\n<\/ul>\n\n\n\n<p><strong>Acesso democr\u00e1tico ao conhecimento<\/strong><\/p>\n\n\n\n<p>Ao lan\u00e7ar o e-book do XXVI CBE, o Sistema Cofecon\/Corecons reafirma sua miss\u00e3o de promover conte\u00fados qualificados, fortalecer a categoria profissional e estimular a constru\u00e7\u00e3o coletiva de solu\u00e7\u00f5es para os desafios contempor\u00e2neos da economia brasileira.<\/p>\n\n\n\n<p>O material estar\u00e1 dispon\u00edvel gratuitamente, ampliando ainda mais o impacto do Congresso e permitindo que milhares de pessoas em todo o pa\u00eds tenham acesso aos debates que ajudam a moldar o futuro econ\u00f4mico do Brasil.<\/p>\n","protected":false},"excerpt":{"rendered":"<p>&#8220;Ideias que Transformam: S\u00edntese das palestras e debates do Congresso Brasileiro de Economia&#8221; re\u00fane os destaques do evento em um \u00fanico material para acesso gratuito O Conselho Federal de Economia (Cofecon) lan\u00e7a mais um produto estrat\u00e9gico do XXVI Congresso Brasileiro<\/p>\n<p><a class=\"more-link\" href=\"https:\/\/cofecon.org.br\/cofecon\/?p=26835\">Leia Mais<\/a><\/p>\n","protected":false},"author":3,"featured_media":26802,"comment_status":"closed","ping_status":"closed","sticky":false,"template":"","format":"standard","meta":{"footnotes":""},"categories":[2],"tags":[],"class_list":["post-26835","post","type-post","status-publish","format-standard","has-post-thumbnail","hentry","category-noticias"],"_links":{"self":[{"href":"https:\/\/cofecon.org.br\/cofecon\/index.php?rest_route=\/wp\/v2\/posts\/26835"}],"collection":[{"href":"https:\/\/cofecon.org.br\/cofecon\/index.php?rest_route=\/wp\/v2\/posts"}],"about":[{"href":"https:\/\/cofecon.org.br\/cofecon\/index.php?rest_route=\/wp\/v2\/types\/post"}],"author":[{"embeddable":true,"href":"https:\/\/cofecon.org.br\/cofecon\/index.php?rest_route=\/wp\/v2\/users\/3"}],"replies":[{"embeddable":true,"href":"https:\/\/cofecon.org.br\/cofecon\/index.php?rest_route=%2Fwp%2Fv2%2Fcomments&post=26835"}],"version-history":[{"count":1,"href":"https:\/\/cofecon.org.br\/cofecon\/index.php?rest_route=\/wp\/v2\/posts\/26835\/revisions"}],"predecessor-version":[{"id":26836,"href":"https:\/\/cofecon.org.br\/cofecon\/index.php?rest_route=\/wp\/v2\/posts\/26835\/revisions\/26836"}],"wp:featuredmedia":[{"embeddable":true,"href":"https:\/\/cofecon.org.br\/cofecon\/index.php?rest_route=\/wp\/v2\/media\/26802"}],"wp:attachment":[{"href":"https:\/\/cofecon.org.br\/cofecon\/index.php?rest_route=%2Fwp%2Fv2%2Fmedia&parent=26835"}],"wp:term":[{"taxonomy":"category","embeddable":true,"href":"https:\/\/cofecon.org.br\/cofecon\/index.php?rest_route=%2Fwp%2Fv2%2Fcategories&post=26835"},{"taxonomy":"post_tag","embeddable":true,"href":"https:\/\/cofecon.org.br\/cofecon\/index.php?rest_route=%2Fwp%2Fv2%2Ftags&post=26835"}],"curies":[{"name":"wp","href":"https:\/\/api.w.org\/{rel}","templated":true}]}}