{"id":2681,"date":"2017-08-23T11:13:06","date_gmt":"2017-08-23T14:13:06","guid":{"rendered":"http:\/\/www.cofecon.org.br\/?p=2681"},"modified":"2017-08-23T11:13:06","modified_gmt":"2017-08-23T14:13:06","slug":"corecon-es-realiza-palestra-para-alunos-em-vitoria","status":"publish","type":"post","link":"https:\/\/cofecon.org.br\/cofecon\/?p=2681","title":{"rendered":"Corecon-ES realiza palestra para alunos em Vit\u00f3ria"},"content":{"rendered":"<p style=\"text-align: justify;\"><span style=\"font-size: 10.0pt; font-family: 'Verdana','sans-serif';\"><img loading=\"lazy\" decoding=\"async\" class=\"size-full wp-image-2682 alignleft\" src=\"http:\/\/cofecon.org.br\/cofecon\/wp-content\/uploads\/2017\/08\/corecones.jpg\" alt=\"\" width=\"350\" height=\"250\" srcset=\"https:\/\/cofecon.org.br\/cofecon\/wp-content\/uploads\/2017\/08\/corecones.jpg 350w, https:\/\/cofecon.org.br\/cofecon\/wp-content\/uploads\/2017\/08\/corecones-300x214.jpg 300w\" sizes=\"(max-width: 350px) 100vw, 350px\" \/>Com o objetivo de levar informa\u00e7\u00f5es sobre a profiss\u00e3o de Economista e debater temas relevantes da economia brasileira, o Projeto \u201cCorecon-ES nas Escolas\u201d tem contemplado diversas unidades de ensino, p\u00fablicas e particulares. <span id=\"more-4215\"><\/span>No dia 21 de agosto, o projeto esteve no Col\u00e9gio Sagrado Cora\u00e7\u00e3o de Maria (Sacr\u00e9-Coeur), em Vit\u00f3ria.<\/span><\/p>\n<p style=\"text-align: justify;\"><span style=\"font-size: 10.0pt; font-family: 'Verdana','sans-serif';\">Na ocasi\u00e3o, o conselheiro do Corecon-ES Ricardo Paix\u00e3o ministrou a palestra \u201cDesvendando a profiss\u00e3o de Economista\u201d. Segundo o palestrante, os alunos demonstraram bastante interesse pelo tema abordado. \u201cPor se tratar de um assunto que afeta a vida de todos, de uma forma ou de outra, os estudantes interagiram muito durante toda a apresenta\u00e7\u00e3o. Alguns at\u00e9 pediram indica\u00e7\u00e3o de livros para ficarem informados a respeito da nossa economia. Mais uma vez, foi uma conversa muito produtiva com os alunos\u201d, afirmou Ricardo Paix\u00e3o.<\/span><\/p>\n<p style=\"text-align: justify;\"><span style=\"font-size: 10.0pt; font-family: 'Verdana','sans-serif';\">Para os pr\u00f3ximos meses, h\u00e1 previs\u00e3o de apresenta\u00e7\u00e3o nas cidades de Vila Velha e Afonso Cl\u00e1udio.<\/span><\/p>\n","protected":false},"excerpt":{"rendered":"<p>Com o objetivo de levar informa\u00e7\u00f5es sobre a profiss\u00e3o de Economista e debater temas relevantes da economia brasileira, o Projeto \u201cCorecon-ES nas Escolas\u201d tem contemplado diversas unidades de ensino, p\u00fablicas e particulares. No dia 21 de agosto, o projeto esteve<\/p>\n<p><a class=\"more-link\" href=\"https:\/\/cofecon.org.br\/cofecon\/?p=2681\">Leia Mais<\/a><\/p>\n","protected":false},"author":1,"featured_media":2682,"comment_status":"open","ping_status":"open","sticky":false,"template":"","format":"standard","meta":{"footnotes":""},"categories":[2],"tags":[],"class_list":["post-2681","post","type-post","status-publish","format-standard","has-post-thumbnail","hentry","category-noticias"],"_links":{"self":[{"href":"https:\/\/cofecon.org.br\/cofecon\/index.php?rest_route=\/wp\/v2\/posts\/2681"}],"collection":[{"href":"https:\/\/cofecon.org.br\/cofecon\/index.php?rest_route=\/wp\/v2\/posts"}],"about":[{"href":"https:\/\/cofecon.org.br\/cofecon\/index.php?rest_route=\/wp\/v2\/types\/post"}],"author":[{"embeddable":true,"href":"https:\/\/cofecon.org.br\/cofecon\/index.php?rest_route=\/wp\/v2\/users\/1"}],"replies":[{"embeddable":true,"href":"https:\/\/cofecon.org.br\/cofecon\/index.php?rest_route=%2Fwp%2Fv2%2Fcomments&post=2681"}],"version-history":[{"count":0,"href":"https:\/\/cofecon.org.br\/cofecon\/index.php?rest_route=\/wp\/v2\/posts\/2681\/revisions"}],"wp:featuredmedia":[{"embeddable":true,"href":"https:\/\/cofecon.org.br\/cofecon\/index.php?rest_route=\/wp\/v2\/media\/2682"}],"wp:attachment":[{"href":"https:\/\/cofecon.org.br\/cofecon\/index.php?rest_route=%2Fwp%2Fv2%2Fmedia&parent=2681"}],"wp:term":[{"taxonomy":"category","embeddable":true,"href":"https:\/\/cofecon.org.br\/cofecon\/index.php?rest_route=%2Fwp%2Fv2%2Fcategories&post=2681"},{"taxonomy":"post_tag","embeddable":true,"href":"https:\/\/cofecon.org.br\/cofecon\/index.php?rest_route=%2Fwp%2Fv2%2Ftags&post=2681"}],"curies":[{"name":"wp","href":"https:\/\/api.w.org\/{rel}","templated":true}]}}