{"id":2674,"date":"2017-08-22T15:07:13","date_gmt":"2017-08-22T18:07:13","guid":{"rendered":"http:\/\/www.cofecon.org.br\/?p=2674"},"modified":"2017-08-22T15:07:13","modified_gmt":"2017-08-22T18:07:13","slug":"inscricoes-abertas-para-curso-de-pericia-e-assistencia-tecnica-economico-financeira","status":"publish","type":"post","link":"https:\/\/cofecon.org.br\/cofecon\/?p=2674","title":{"rendered":"Inscri\u00e7\u00f5es abertas para Curso de Per\u00edcia e Assist\u00eancia T\u00e9cnica Econ\u00f4mico-Financeira"},"content":{"rendered":"<p style=\"text-align: justify;\"><img loading=\"lazy\" decoding=\"async\" class=\"size-full wp-image-2675 alignleft\" src=\"http:\/\/cofecon.org.br\/cofecon\/wp-content\/uploads\/2017\/08\/computador-lupa_2.jpg\" alt=\"\" width=\"350\" height=\"250\" srcset=\"https:\/\/cofecon.org.br\/cofecon\/wp-content\/uploads\/2017\/08\/computador-lupa_2.jpg 350w, https:\/\/cofecon.org.br\/cofecon\/wp-content\/uploads\/2017\/08\/computador-lupa_2-300x214.jpg 300w\" sizes=\"(max-width: 350px) 100vw, 350px\" \/>O mercado de trabalho de per\u00edcia e assist\u00eancia t\u00e9cnica judicial e extrajudicial oferece boas oportunidades para economistas. Com o objetivo de oferecer conhecimento que potencialize a participa\u00e7\u00e3o dos profissionais nessa \u00e1rea, o Conselho Federal de Economia, com o apoio do Conselho Regional de Economia do Paran\u00e1 (Corecon-PR) e do Conselho Regional de Economia do Distrito Federal (Corecon-DF), realizar\u00e1 o Curso de Per\u00edcia e Assist\u00eancia T\u00e9cnica Econ\u00f4mico-Financeira. A qualifica\u00e7\u00e3o ser\u00e1 realizada em Bras\u00edlia, na sede do Cofecon, de setembro a outubro de 2017. Clique <a href=\"http:\/\/cofecon.org.br\/downloads\/cursos\/ementa.pdf\"><span style=\"text-decoration: underline;\"><strong>AQUI<\/strong><\/span><\/a> para acessar a ementa do curso. Inscri\u00e7\u00f5es abertas at\u00e9 o dia 15 de setembro.<\/p>\n<p style=\"text-align: justify;\">Os alunos que conclu\u00edrem o curso ser\u00e3o credenciados nos respectivos Conselhos Regionais de Economia e poder\u00e3o inscrever-se no Cadastro Nacional de Peritos em Economia e Finan\u00e7as (CNPEF), banco de dados consultado pelos membros do Judici\u00e1rio. Economistas, professores e estudantes de Ci\u00eancias Econ\u00f4micas s\u00e3o convidados a participar. Vale lembrar que todos os economistas podem se cadastrar no CNPEF, independentemente da participa\u00e7\u00e3o em capacita\u00e7\u00e3o espec\u00edfica.<\/p>\n<p style=\"text-align: justify;\">Com dura\u00e7\u00e3o de 80 horas\/aula, o curso \u00e9 dividido em quatro m\u00f3dulos, sendo que o primeiro \u00e9 pr\u00e9-requisito para a participa\u00e7\u00e3o nos demais: I) Apresenta\u00e7\u00e3o geral do curso; Planilhas Periciais, Links \u00dateis e Cadastramento; Excel e Matem\u00e1tica Financeira; Aspectos Gerais da Per\u00edcia na Justi\u00e7a; e o Trabalho do Perito e Assistente T\u00e9cnico Econ\u00f4mico-financeiro (21 a 23 de setembro de 2017); II) Processo e C\u00e1lculo Trabalhista (28 a 30 de setembro); III) Processo e C\u00e1lculos C\u00edveis, Empresariais e Contratos Banc\u00e1rios (5 a 7 de outubro); IV) Finan\u00e7as em Per\u00edcia Econ\u00f4mico-Financeira \u2013 Avalia\u00e7\u00e3o de Empresas (19 a 21 de outubro).<\/p>\n<p style=\"text-align: justify;\">As aulas ser\u00e3o ministradas \u00e0s quintas-feiras das 18h \u00e0s 22h; \u00e0s sextas-feiras das 8h \u00e0s 18h; e aos s\u00e1bados das 8h \u00e0s 16h. A realiza\u00e7\u00e3o do curso est\u00e1 sujeita ao n\u00famero m\u00ednimo de inscritos.<\/p>\n<p style=\"text-align: justify;\">O investimento \u00e9 de R$ 912,00 (curso completo) e R$ 250 (m\u00f3dulo) para alunos de Ci\u00eancias Econ\u00f4micas registrados nos Corecons; R$ 1.216,00 (curso completo) e R$ 335 (m\u00f3dulo) para economistas registrados nos Corecons; e de R$ 1.520,00 (curso completo) e R$ 418 (m\u00f3dulo) para demais profissionais e estudantes. Para se inscrever, basta<a href=\"http:\/\/cofecon.org.br\/downloads\/cursos\/ficha.pdf\"><span style=\"text-decoration: underline;\"><strong> preencher a ficha<\/strong><\/span><\/a> e enviar para o Corecon-DF, pelo e-mail cursos@corecondf.gov.br. Mais informa\u00e7\u00f5es com o Corecon-DF pelo telefone (61) 3223-1429 e com o Cofecon pelo telefone (61) 3208-1805 e e-mail <a href=\"mailto:cofecon@cofecon.org.br\">cofecon@cofecon.org.br<\/a><\/p>\n<p>&nbsp;<\/p>\n<p>&nbsp;<\/p>\n","protected":false},"excerpt":{"rendered":"<p>O mercado de trabalho de per\u00edcia e assist\u00eancia t\u00e9cnica judicial e extrajudicial oferece boas oportunidades para economistas. Com o objetivo de oferecer conhecimento que potencialize a participa\u00e7\u00e3o dos profissionais nessa \u00e1rea, o Conselho Federal de Economia, com o apoio do<\/p>\n<p><a class=\"more-link\" href=\"https:\/\/cofecon.org.br\/cofecon\/?p=2674\">Leia Mais<\/a><\/p>\n","protected":false},"author":1,"featured_media":2675,"comment_status":"open","ping_status":"open","sticky":false,"template":"","format":"standard","meta":{"footnotes":""},"categories":[2],"tags":[],"class_list":["post-2674","post","type-post","status-publish","format-standard","has-post-thumbnail","hentry","category-noticias"],"_links":{"self":[{"href":"https:\/\/cofecon.org.br\/cofecon\/index.php?rest_route=\/wp\/v2\/posts\/2674"}],"collection":[{"href":"https:\/\/cofecon.org.br\/cofecon\/index.php?rest_route=\/wp\/v2\/posts"}],"about":[{"href":"https:\/\/cofecon.org.br\/cofecon\/index.php?rest_route=\/wp\/v2\/types\/post"}],"author":[{"embeddable":true,"href":"https:\/\/cofecon.org.br\/cofecon\/index.php?rest_route=\/wp\/v2\/users\/1"}],"replies":[{"embeddable":true,"href":"https:\/\/cofecon.org.br\/cofecon\/index.php?rest_route=%2Fwp%2Fv2%2Fcomments&post=2674"}],"version-history":[{"count":0,"href":"https:\/\/cofecon.org.br\/cofecon\/index.php?rest_route=\/wp\/v2\/posts\/2674\/revisions"}],"wp:featuredmedia":[{"embeddable":true,"href":"https:\/\/cofecon.org.br\/cofecon\/index.php?rest_route=\/wp\/v2\/media\/2675"}],"wp:attachment":[{"href":"https:\/\/cofecon.org.br\/cofecon\/index.php?rest_route=%2Fwp%2Fv2%2Fmedia&parent=2674"}],"wp:term":[{"taxonomy":"category","embeddable":true,"href":"https:\/\/cofecon.org.br\/cofecon\/index.php?rest_route=%2Fwp%2Fv2%2Fcategories&post=2674"},{"taxonomy":"post_tag","embeddable":true,"href":"https:\/\/cofecon.org.br\/cofecon\/index.php?rest_route=%2Fwp%2Fv2%2Ftags&post=2674"}],"curies":[{"name":"wp","href":"https:\/\/api.w.org\/{rel}","templated":true}]}}