{"id":2671,"date":"2017-08-22T10:16:28","date_gmt":"2017-08-22T13:16:28","guid":{"rendered":"http:\/\/www.cofecon.org.br\/?p=2671"},"modified":"2017-08-22T10:16:28","modified_gmt":"2017-08-22T13:16:28","slug":"brasil-pais-dos-sonhos-ou-dos-pesadelos","status":"publish","type":"post","link":"https:\/\/cofecon.org.br\/cofecon\/?p=2671","title":{"rendered":"Brasil: pa\u00eds dos sonhos ou dos pesadelos?"},"content":{"rendered":"<p style=\"text-align: justify;\">Ao completar seus 517 anos, esse jovem acumulou pesadelos e sonhos que despertaram a aten\u00e7\u00e3o do mundo e que nos leva a profundas reflex\u00f5es.<\/p>\n<p style=\"text-align: justify;\">Com a chegada dos portugueses \u00e0 costa leste(abril de 1500), descobria-se um tesouro, mais tarde destacado por sua riqueza(territ\u00f3rio amplo, solo f\u00e9rtil, florestas, recursos minerais, costa mar\u00edtima, lindas praias, clima favor\u00e1vel e outros), embora s\u00f3 ao longo dos anos isso fosse sendo reconhecido. Em 1808, com a chegada da Fam\u00edlia Real, chegou a viciada cultura governamental portuguesa e, ao retornar em 1822, sugaram os cofres p\u00fablicos, levando moedas, ouro, prata e outros, al\u00e9m de falirem o Banco do Brasil.<\/p>\n<p style=\"text-align: justify;\">Passados cinco s\u00e9culos a hist\u00f3ria leva \u00e0 reflex\u00e3o se \u00e9 o Pa\u00eds dos pesadelos ou dos sonhos.<\/p>\n<p style=\"text-align: justify;\">Quais as origens e at\u00e9 quando os obst\u00e1culos do passado \u2013 atraso econ\u00f4mico, corrup\u00e7\u00e3o, subdesenvolvimento, desigualdade e injusti\u00e7a social, autoritarismo pol\u00edtico, repress\u00e3o popular e outros \u2013 estar\u00e3o, com maior ou menor intensidade, na vida do Pa\u00eds.<\/p>\n<p style=\"text-align: justify;\">Quando se focaliza a economia do Pa\u00eds, d\u00favidas e incertezas emergem na mente dos analistas. De um lado, se mirada a vida hist\u00f3rica do Pa\u00eds, n\u00e3o \u00e9 pessimismo nem exagero situ\u00e1-lo na turbul\u00eancia ou instabilidade do \u201cPesadelo\u201d(opress\u00e3o angustiosa durante o sono) a tend\u00eancia do futuro.<\/p>\n<p style=\"text-align: justify;\">No presente ou no passado recente a corrup\u00e7\u00e3o, a m\u00e1 governan\u00e7a, o endividamento irrespons\u00e1vel e a defici\u00eancia na presta\u00e7\u00e3o dos servi\u00e7os direcionam a situa\u00e7\u00e3o ao Sentimento do Pesadelo. A infla\u00e7\u00e3o, agora estancada, esteve presente e teimosa no passado. Apenas para reflex\u00e3o, a moeda brasileira, agora razoavelmente estabilizada, teve uma trajet\u00f3ria hist\u00f3rica quase incomensur\u00e1vel. Se voltado a 1\/9\/1808, quando se criou a moeda brasileira \u201c Real\u201d, relacionando-a ao ouro(R=1$2000 = 1\/8 de ouro de 22k), caminhando-se at\u00e9 o Real de hoje, passando pelas diversas moedas(Mil Reis, Cruzeiro, Cruzeiro Novo, Cruzado Novo, Cruzeiro, Cruzeiro Real e o atual Real), tivemos uma infla\u00e7\u00e3o(desvaloriza\u00e7\u00e3o) da ordem de 2,75 quatrilh\u00f5es.<br \/>\n Neste espa\u00e7o, muitos per\u00edodos geraram turbul\u00eancias e incertezas como um verdadeiro \u201cPesadelo\u201d.<\/p>\n<p style=\"text-align: justify;\">Por outro lado, olhando as potencialidades , acima citadas, o Brasil \u00e9 o Pa\u00eds da Esperan\u00e7a ou do Sonho \u2013 conforme conceituou S\u00e3o Thomaz de Aquino:, \u201c A esperan\u00e7a \u00e9 o sonho do homem acordado\u201d.<\/p>\n<p style=\"text-align: justify;\">O momento atual, com o afloramento da profunda corrup\u00e7\u00e3o de pol\u00edticos, governantes e de empres\u00e1rios beneficiados, at\u00e9 do judici\u00e1rio \u00e9, ao mesmo tempo, um Pesadelo e um Sonho.<\/p>\n<p style=\"text-align: justify;\">Se a Justi\u00e7a(aqui considerados os corretos, de que sirva de exemplo o Juiz S\u00e9rgio Moro) tiver a liberdade e o respaldo, os brasileiros poder\u00e3o ser conduzidos ao \u201c sonho do acordado\u201d. N\u00e3o podemos perder a Esperan\u00e7a. Evidentemente precisar\u00e1 haver um redirecionamento pol\u00edtico, contr\u00e1rio aos exemplos, inclusive recentes, de anormalidade, como a elevada concess\u00e3o em discuss\u00e3o da verba pol\u00edtico-eleitoral(R$3,6 bilh\u00f5es), enquanto a sa\u00fade, a educa\u00e7\u00e3o, a seguran\u00e7a, o d\u00e9ficit p\u00fablico est\u00e3o altamente abalados e marginalizados.<\/p>\n<p style=\"text-align: justify;\">Se os abusos\/desperd\u00edcios forem corrigidos e evitados, o Brasil poder\u00e1 reequilibrar suas contas e reduzir a carga tribut\u00e1ria, beneficiando as pessoas, as empresas e o pr\u00f3prio governo.<\/p>\n<p style=\"text-align: justify;\">O Governo e seus poderes, especialmente a C\u00e2mara dos Deputados, t\u00eam espa\u00e7o para racionaliza\u00e7\u00e3o. A C\u00e2mara poder\u00e1 ter redu\u00e7\u00e3o de 40 a 50%, sem preju\u00edzo \u00e0 efic\u00e1cia . \u00c9 preciso que se crie um GGI(Grupo Gestor Independente) para identificar o potencial de racionaliza\u00e7\u00e3o e as a\u00e7\u00f5es a serem tomadas, acompanhando sistematicamente os resultados. Com base nisso, o Governo assume a responsabilidade de fazer os cortes, sem pena nem sentimento de culpa, beneficiando o presente e o futuro do Pa\u00eds.<\/p>\n<p style=\"text-align: justify;\">Evidentemente essas medidas podem n\u00e3o ser simp\u00e1ticas nem f\u00e1ceis de realizar mas trar\u00e3o profundos benef\u00edcios \u00e0 sociedade e ao Pa\u00eds.<\/p>\n<p style=\"text-align: justify;\">Que a Esperan\u00e7a(sonho do acordado) se converta em fato real, em benef\u00edcio do Brasil e dos brasileiros.<\/p>\n<hr \/>\n<p style=\"text-align: justify;\">Humberto Dalsasso \u00e9 Economista e consultor empresarial de alta gest\u00e3o.<\/p>\n","protected":false},"excerpt":{"rendered":"<p>Ao completar seus 517 anos, esse jovem acumulou pesadelos e sonhos que despertaram a aten\u00e7\u00e3o do mundo e que nos leva a profundas reflex\u00f5es. Com a chegada dos portugueses \u00e0 costa leste(abril de 1500), descobria-se um tesouro, mais tarde destacado<\/p>\n<p><a class=\"more-link\" href=\"https:\/\/cofecon.org.br\/cofecon\/?p=2671\">Leia Mais<\/a><\/p>\n","protected":false},"author":1,"featured_media":2672,"comment_status":"open","ping_status":"open","sticky":false,"template":"","format":"standard","meta":{"footnotes":""},"categories":[6],"tags":[],"class_list":["post-2671","post","type-post","status-publish","format-standard","has-post-thumbnail","hentry","category-artigo"],"_links":{"self":[{"href":"https:\/\/cofecon.org.br\/cofecon\/index.php?rest_route=\/wp\/v2\/posts\/2671"}],"collection":[{"href":"https:\/\/cofecon.org.br\/cofecon\/index.php?rest_route=\/wp\/v2\/posts"}],"about":[{"href":"https:\/\/cofecon.org.br\/cofecon\/index.php?rest_route=\/wp\/v2\/types\/post"}],"author":[{"embeddable":true,"href":"https:\/\/cofecon.org.br\/cofecon\/index.php?rest_route=\/wp\/v2\/users\/1"}],"replies":[{"embeddable":true,"href":"https:\/\/cofecon.org.br\/cofecon\/index.php?rest_route=%2Fwp%2Fv2%2Fcomments&post=2671"}],"version-history":[{"count":0,"href":"https:\/\/cofecon.org.br\/cofecon\/index.php?rest_route=\/wp\/v2\/posts\/2671\/revisions"}],"wp:featuredmedia":[{"embeddable":true,"href":"https:\/\/cofecon.org.br\/cofecon\/index.php?rest_route=\/wp\/v2\/media\/2672"}],"wp:attachment":[{"href":"https:\/\/cofecon.org.br\/cofecon\/index.php?rest_route=%2Fwp%2Fv2%2Fmedia&parent=2671"}],"wp:term":[{"taxonomy":"category","embeddable":true,"href":"https:\/\/cofecon.org.br\/cofecon\/index.php?rest_route=%2Fwp%2Fv2%2Fcategories&post=2671"},{"taxonomy":"post_tag","embeddable":true,"href":"https:\/\/cofecon.org.br\/cofecon\/index.php?rest_route=%2Fwp%2Fv2%2Ftags&post=2671"}],"curies":[{"name":"wp","href":"https:\/\/api.w.org\/{rel}","templated":true}]}}