{"id":2666,"date":"2017-08-21T17:16:12","date_gmt":"2017-08-21T20:16:12","guid":{"rendered":"http:\/\/www.cofecon.org.br\/?p=2666"},"modified":"2017-08-21T17:16:12","modified_gmt":"2017-08-21T20:16:12","slug":"sefazal-lanca-premio-de-financas-publicas","status":"publish","type":"post","link":"https:\/\/cofecon.org.br\/cofecon\/?p=2666","title":{"rendered":"Sefaz\/AL lan\u00e7a Pr\u00eamio de Finan\u00e7as P\u00fablicas"},"content":{"rendered":"<p>O Pr\u00eamio de Finan\u00e7as P\u00fablicas Graciliano Ramos visa premiar pesquisas acad\u00eamicas voltadas para a Administra\u00e7\u00e3o P\u00fablica e Financeira de Alagoas. O projeto \u00e9 uma iniciativa da Secretaria da Fazenda de Alagoas (Sefaz\/AL), em parceria com a Funda\u00e7\u00e3o de Amparo \u00e0 Pesquisa de nosso Estado (Fapeal), que tem o objetivo de estimular pesquisas e estudos que possam ser \u00fateis e aplic\u00e1veis ao estado.<\/p>\n<p>Em sua primeira edi\u00e7\u00e3o, o Pr\u00eamio busca por monografias e trabalhos t\u00e9cnicos in\u00e9ditos. Podem participar estudantes de gradua\u00e7\u00e3o, graduados, mestres e doutores. Ao todo, s\u00e3o mais de R$ 100 mil em pr\u00eamios.<\/p>\n<p>Parcerias p\u00fablico-privadas, transpar\u00eancia e sustentabilidade fiscal, or\u00e7amento estadual e novas tecnologias s\u00e3o alguns dos assuntos que podem ser abordados para a inscri\u00e7\u00e3o. Podem ser submetidos artigos t\u00e9cnicos especializados ou n\u00e3o, e Trabalhos de Conclus\u00e3o de Curso (TCCs) desde que n\u00e3o publicados em peri\u00f3dicos acad\u00eamicos ou imprensa.<\/p>\n<p>Os trabalhos devem seguir alguma das vertentes definidas em edital, como \u201cAdministra\u00e7\u00e3o P\u00fablica e Desenvolvimento Econ\u00f4mico Local\u201d, \u201cAvalia\u00e7\u00e3o de Pol\u00edticas P\u00fablicas\u201d e \u201cFinan\u00e7as e Contabilidade P\u00fablicas\u201d. Independente do assunto escolhido pelo participante, \u00e9 necess\u00e1rio que o enfoque seja atual e aplic\u00e1vel ao estado de Alagoas.<\/p>\n<p>O edital completo e mais informa\u00e7\u00f5es podem ser encontradas no site oficial do Pr\u00eamio <a href=\"http:\/\/www.premiodefinancaspublicasgracilianoramos.al.gov.br\/\">http:\/\/www.premiodefinancaspublicasgracilianoramos.al.gov.br\/<\/a>.<\/p>\n<p><img loading=\"lazy\" decoding=\"async\" class=\"aligncenter wp-image-2668 size-large\" src=\"http:\/\/www.cofecon.org.br\/wp-content\/uploads\/2017\/08\/PGRAL-cartaz-720x1024.png\" alt=\"\" width=\"720\" height=\"1024\" srcset=\"https:\/\/cofecon.org.br\/cofecon\/wp-content\/uploads\/2017\/08\/PGRAL-cartaz-720x1024.png 720w, https:\/\/cofecon.org.br\/cofecon\/wp-content\/uploads\/2017\/08\/PGRAL-cartaz-211x300.png 211w, https:\/\/cofecon.org.br\/cofecon\/wp-content\/uploads\/2017\/08\/PGRAL-cartaz-768x1093.png 768w, https:\/\/cofecon.org.br\/cofecon\/wp-content\/uploads\/2017\/08\/PGRAL-cartaz-800x1138.png 800w, https:\/\/cofecon.org.br\/cofecon\/wp-content\/uploads\/2017\/08\/PGRAL-cartaz.png 806w\" sizes=\"(max-width: 720px) 100vw, 720px\" \/><\/p>\n","protected":false},"excerpt":{"rendered":"<p>O Pr\u00eamio de Finan\u00e7as P\u00fablicas Graciliano Ramos visa premiar pesquisas acad\u00eamicas voltadas para a Administra\u00e7\u00e3o P\u00fablica e Financeira de Alagoas. O projeto \u00e9 uma iniciativa da Secretaria da Fazenda de Alagoas (Sefaz\/AL), em parceria com a Funda\u00e7\u00e3o de Amparo \u00e0<\/p>\n<p><a class=\"more-link\" href=\"https:\/\/cofecon.org.br\/cofecon\/?p=2666\">Leia Mais<\/a><\/p>\n","protected":false},"author":1,"featured_media":2669,"comment_status":"open","ping_status":"open","sticky":false,"template":"","format":"standard","meta":{"footnotes":""},"categories":[2],"tags":[],"class_list":["post-2666","post","type-post","status-publish","format-standard","has-post-thumbnail","hentry","category-noticias"],"_links":{"self":[{"href":"https:\/\/cofecon.org.br\/cofecon\/index.php?rest_route=\/wp\/v2\/posts\/2666"}],"collection":[{"href":"https:\/\/cofecon.org.br\/cofecon\/index.php?rest_route=\/wp\/v2\/posts"}],"about":[{"href":"https:\/\/cofecon.org.br\/cofecon\/index.php?rest_route=\/wp\/v2\/types\/post"}],"author":[{"embeddable":true,"href":"https:\/\/cofecon.org.br\/cofecon\/index.php?rest_route=\/wp\/v2\/users\/1"}],"replies":[{"embeddable":true,"href":"https:\/\/cofecon.org.br\/cofecon\/index.php?rest_route=%2Fwp%2Fv2%2Fcomments&post=2666"}],"version-history":[{"count":0,"href":"https:\/\/cofecon.org.br\/cofecon\/index.php?rest_route=\/wp\/v2\/posts\/2666\/revisions"}],"wp:featuredmedia":[{"embeddable":true,"href":"https:\/\/cofecon.org.br\/cofecon\/index.php?rest_route=\/wp\/v2\/media\/2669"}],"wp:attachment":[{"href":"https:\/\/cofecon.org.br\/cofecon\/index.php?rest_route=%2Fwp%2Fv2%2Fmedia&parent=2666"}],"wp:term":[{"taxonomy":"category","embeddable":true,"href":"https:\/\/cofecon.org.br\/cofecon\/index.php?rest_route=%2Fwp%2Fv2%2Fcategories&post=2666"},{"taxonomy":"post_tag","embeddable":true,"href":"https:\/\/cofecon.org.br\/cofecon\/index.php?rest_route=%2Fwp%2Fv2%2Ftags&post=2666"}],"curies":[{"name":"wp","href":"https:\/\/api.w.org\/{rel}","templated":true}]}}