{"id":2659,"date":"2017-08-18T18:41:53","date_gmt":"2017-08-18T21:41:53","guid":{"rendered":"http:\/\/www.cofecon.org.br\/?p=2659"},"modified":"2017-08-18T18:41:53","modified_gmt":"2017-08-18T21:41:53","slug":"corecon-rj-promove-debate-sobre-desenvolvimento","status":"publish","type":"post","link":"https:\/\/cofecon.org.br\/cofecon\/?p=2659","title":{"rendered":"Corecon-RJ promove debate sobre desenvolvimento"},"content":{"rendered":"<p>O Conselho Regional do Rio de Janeiro (Corecon-RJ) promover\u00e1 no dia 23 de agosto de 2017 (quarta-feira) um debate com o tema &#8220;O desafio da elabora\u00e7\u00e3o de um projeto de desenvolvimento alternativo para o Brasil&#8221;. O evento acontecer\u00e1 \u00e0s 18h, no audit\u00f3rio do Corecon-RJ.<\/p>\n<p>Na ocasi\u00e3o ocorrer\u00e1 tamb\u00e9m a entrega do XXVII Pr\u00eamio de Monografia Economista Celso Furtado e o lan\u00e7amento do livro <em>Cr\u00f4nica de uma crise anunciada: cr\u00edtica \u00e0 economia pol\u00edtica de Lula e Dilma<\/em>, obra de Pl\u00ednio de Arruda Sampaio Jr.<\/p>\n<p><a href=\"http:\/\/www.corecon-rj.org.br\/\">http:\/\/www.corecon-rj.org.br\/<\/a><\/p>\n<p><img loading=\"lazy\" decoding=\"async\" class=\"aligncenter wp-image-2664 size-full\" src=\"http:\/\/cofecon.org.br\/cofecon\/wp-content\/uploads\/2017\/08\/Postar-17.png\" alt=\"\" width=\"443\" height=\"635\" srcset=\"https:\/\/cofecon.org.br\/cofecon\/wp-content\/uploads\/2017\/08\/Postar-17.png 443w, https:\/\/cofecon.org.br\/cofecon\/wp-content\/uploads\/2017\/08\/Postar-17-209x300.png 209w\" sizes=\"(max-width: 443px) 100vw, 443px\" \/><\/p>\n","protected":false},"excerpt":{"rendered":"<p>O Conselho Regional do Rio de Janeiro (Corecon-RJ) promover\u00e1 no dia 23 de agosto de 2017 (quarta-feira) um debate com o tema &#8220;O desafio da elabora\u00e7\u00e3o de um projeto de desenvolvimento alternativo para o Brasil&#8221;. O evento acontecer\u00e1 \u00e0s 18h,<\/p>\n<p><a class=\"more-link\" href=\"https:\/\/cofecon.org.br\/cofecon\/?p=2659\">Leia Mais<\/a><\/p>\n","protected":false},"author":1,"featured_media":2663,"comment_status":"open","ping_status":"open","sticky":false,"template":"","format":"standard","meta":{"footnotes":""},"categories":[2],"tags":[],"class_list":["post-2659","post","type-post","status-publish","format-standard","has-post-thumbnail","hentry","category-noticias"],"_links":{"self":[{"href":"https:\/\/cofecon.org.br\/cofecon\/index.php?rest_route=\/wp\/v2\/posts\/2659"}],"collection":[{"href":"https:\/\/cofecon.org.br\/cofecon\/index.php?rest_route=\/wp\/v2\/posts"}],"about":[{"href":"https:\/\/cofecon.org.br\/cofecon\/index.php?rest_route=\/wp\/v2\/types\/post"}],"author":[{"embeddable":true,"href":"https:\/\/cofecon.org.br\/cofecon\/index.php?rest_route=\/wp\/v2\/users\/1"}],"replies":[{"embeddable":true,"href":"https:\/\/cofecon.org.br\/cofecon\/index.php?rest_route=%2Fwp%2Fv2%2Fcomments&post=2659"}],"version-history":[{"count":0,"href":"https:\/\/cofecon.org.br\/cofecon\/index.php?rest_route=\/wp\/v2\/posts\/2659\/revisions"}],"wp:featuredmedia":[{"embeddable":true,"href":"https:\/\/cofecon.org.br\/cofecon\/index.php?rest_route=\/wp\/v2\/media\/2663"}],"wp:attachment":[{"href":"https:\/\/cofecon.org.br\/cofecon\/index.php?rest_route=%2Fwp%2Fv2%2Fmedia&parent=2659"}],"wp:term":[{"taxonomy":"category","embeddable":true,"href":"https:\/\/cofecon.org.br\/cofecon\/index.php?rest_route=%2Fwp%2Fv2%2Fcategories&post=2659"},{"taxonomy":"post_tag","embeddable":true,"href":"https:\/\/cofecon.org.br\/cofecon\/index.php?rest_route=%2Fwp%2Fv2%2Ftags&post=2659"}],"curies":[{"name":"wp","href":"https:\/\/api.w.org\/{rel}","templated":true}]}}