{"id":26547,"date":"2025-10-13T17:15:22","date_gmt":"2025-10-13T20:15:22","guid":{"rendered":"https:\/\/cofecon.org.br\/cofecon\/?p=26547"},"modified":"2025-10-13T17:39:11","modified_gmt":"2025-10-13T20:39:11","slug":"paradoxos-do-tarifaco-de-trump","status":"publish","type":"post","link":"https:\/\/cofecon.org.br\/cofecon\/?p=26547","title":{"rendered":"Paradoxos do tarifa\u00e7o de Trump"},"content":{"rendered":"\n<p><em>N\u00e3o \u00e9 de se estranhar o fato de que muitas das decis\u00f5es de pol\u00edticas econ\u00f4micas de pa\u00edses, especialmente os mais ricos, n\u00e3o encontrem respaldo por parte das suas grandes empresas<\/em><\/p>\n\n\n\n<p><em>Artigo de opini\u00e3o de autoria do conselheiro federal Antonio Corr\u00eaa de Lacerda, originalmente publicado no <a href=\"https:\/\/www.correiobraziliense.com.br\/opiniao\/2025\/10\/7260830-paradoxos-do-tarifaco-de-trump.html\">jornal Correio Braziliense <\/a><\/em><\/p>\n\n\n\n<p>O tarifa\u00e7o anunciado por Donald Trump traz impactos significativos para a economia mundial, incluindo os pr\u00f3prios EUA. As cadeias internacionais de suprimento est\u00e3o sendo significativamente afetadas. Desde as duas d\u00e9cadas finais do s\u00e9culo passado, as empresas transnacionais disseminaram sua localiza\u00e7\u00e3o de produ\u00e7\u00e3o, no rastro da globaliza\u00e7\u00e3o econ\u00f4mica, com dois objetivos claros: o primeiro foi o de barateamento de custos de produ\u00e7\u00e3o e log\u00edstica; o segundo, atuar em pa\u00edses cujas legisla\u00e7\u00f5es ambientais pareciam mais brandas, at\u00e9 mesmo na suposi\u00e7\u00e3o ut\u00f3pica de que seria poss\u00edvel &#8220;terceirizar&#8221; os efeitos do aquecimento global e suas consequ\u00eancias.<\/p>\n\n\n\n<p>Desde ent\u00e3o, os fluxos de com\u00e9rcio internacional ganharam dimens\u00f5es in\u00e9ditas, em termos absolutos e relativos. Atrelados aos investimentos externos turbinados pela abund\u00e2ncia de recursos financeiros, cresceram as atividades de pesquisa, desenvolvimento e inova\u00e7\u00e3o, assim como as trocas comerciais internacionais, sendo, grande parte delas, oriundas de op\u00e7\u00f5es intrafirmas, entre matrizes e filiais de uma mesma empresa e entre as pr\u00f3prias filiais, impulsionando o papel da log\u00edstica e distribui\u00e7\u00e3o de produtos.<\/p>\n\n\n\n<p>Mais recentemente, tr\u00eas fatores tamb\u00e9m impuseram revis\u00e3o na estrat\u00e9gia de localiza\u00e7\u00e3o das empresas mundo afora, alterando o paradigma da globaliza\u00e7\u00e3o, agora determinada pelo fator seguran\u00e7a de abastecimento: a pandemia de covid-19, a crise clim\u00e1tica exacerbada e os conflitos geopol\u00edticos traduzidos em guerras envolvendo atores importantes nos elos de produ\u00e7\u00e3o e distribui\u00e7\u00e3o de mat\u00e9rias-primas, partes e componentes e produtos finais.<\/p>\n\n\n\n<p>Assim, n\u00e3o \u00e9 de se estranhar o fato de que muitas das decis\u00f5es de pol\u00edticas econ\u00f4micas de pa\u00edses, especialmente os mais ricos, n\u00e3o encontrem respaldo por parte das suas grandes empresas. O caso do tarifa\u00e7o muitas vezes joga contra os seus interesses imediatos, com impactos diretos tamb\u00e9m aos consumidores.<\/p>\n\n\n\n<p>No caso espec\u00edfico da rela\u00e7\u00e3o com o Brasil, chama a aten\u00e7\u00e3o o n\u00edvel elevado das tarifas anunciadas e a sua condicionalidade a aspectos pol\u00edtico-institucionais que afrontam a autonomia dos Poderes e a pr\u00f3pria soberania nacional, ao condicionar um recuo a quest\u00f5es que extrapolam a seara do Executivo.<\/p>\n\n\n\n<p>Paradoxalmente, o novo cen\u00e1rio internacional imp\u00f5e \u00e0 economia brasileira a necessidade de um grande salto no caminho da reindustrializa\u00e7\u00e3o, da transi\u00e7\u00e3o energ\u00e9tica, da economia digital e do aprofundamento das atividades ligadas \u00e0 biodiversidade e economia verde.&nbsp;<\/p>\n\n\n\n<p>O Brasil logrou \u00eaxito, no s\u00e9culo passado, em realizar uma transi\u00e7\u00e3o de uma economia agroexportadora do in\u00edcio dos anos 1920 para se tornar uma das 10 economias mais industrializadas do mundo nos anos 1970. Naquela feita, o cen\u00e1rio p\u00f3s crise de 1929, os anos dourados p\u00f3s Bretton Woods (1944) e o impulso do modelo adotado domesticamente de substitui\u00e7\u00e3o de importa\u00e7\u00f5es foram determinantes para o salto brasileiro. Entre 1949 e 1989, a economia brasileira cresceu 7% ao ano, na m\u00e9dia.<\/p>\n\n\n\n<p>A exemplo do que ocorrera no in\u00edcio do s\u00e9culo passado, as condicionalidades externas impulsionam de forma inexor\u00e1vel a economia brasileira ao avan\u00e7o do desenvolvimento, sob o risco da estagna\u00e7\u00e3o e at\u00e9 mesmo do retrocesso. Os desafios, agora, s\u00e3o outros: a digitaliza\u00e7\u00e3o da economia, a transi\u00e7\u00e3o energ\u00e9tica e os novos paradigmas produtivos imp\u00f5em solu\u00e7\u00f5es criativas para fazer frente a um mundo em transforma\u00e7\u00e3o.<\/p>\n\n\n\n<p>O Brasil conta com ineg\u00e1veis vantagens comparativas: um dos maiores mercados do mundo, com autonomia energ\u00e9tica e h\u00eddrica, recursos humanos de qualidade e tradi\u00e7\u00e3o industrial, a par da desindustrializa\u00e7\u00e3o sofrida. Somos muito bem-sucedidos nos complexos agropecu\u00e1rio, mineral e petrol\u00edfero. \u00c9 preciso aproveitar essas vantagens comparativas e transform\u00e1-las em vantagens competitivas com a amplia\u00e7\u00e3o do valor agregado gerado e aumentar a complexidade da nossa pauta de produ\u00e7\u00e3o e exporta\u00e7\u00e3o.<\/p>\n\n\n\n<p>O rec\u00e9m-lan\u00e7ado Plano Brasil Soberano, em resposta ao tarifa\u00e7o de Trump, visa apoiar as empresas brasileiras diretamente afetadas pela medida, disponibilizando R$ 40 bilh\u00f5es para isso. Trata-se, inegavelmente, de importante iniciativa que, no \u00e2mbito dos programas estruturantes j\u00e1 em curso, como o Plano Nova Ind\u00fastria Brasil (NIB), o Plano de Acelera\u00e7\u00e3o do Crescimento (Novo PAC) e o Plano de Transforma\u00e7\u00e3o Ecol\u00f3gica (PTE), busca reposicionar a economia brasileira em face dos desafios do cen\u00e1rio externo.<\/p>\n\n\n\n<p><em>*Professor-doutor do Programa de P\u00f3s-gradua\u00e7\u00e3o em Economia da PUC-SP, conselheiro e ex-presidente do Conselho Federal de Economia (Cofecon)<\/em><\/p>\n","protected":false},"excerpt":{"rendered":"<p>N\u00e3o \u00e9 de se estranhar o fato de que muitas das decis\u00f5es de pol\u00edticas econ\u00f4micas de pa\u00edses, especialmente os mais ricos, n\u00e3o encontrem respaldo por parte das suas grandes empresas Artigo de opini\u00e3o de autoria do conselheiro federal Antonio Corr\u00eaa<\/p>\n<p><a class=\"more-link\" href=\"https:\/\/cofecon.org.br\/cofecon\/?p=26547\">Leia Mais<\/a><\/p>\n","protected":false},"author":3,"featured_media":26551,"comment_status":"closed","ping_status":"closed","sticky":false,"template":"","format":"standard","meta":{"footnotes":""},"categories":[6],"tags":[],"class_list":["post-26547","post","type-post","status-publish","format-standard","has-post-thumbnail","hentry","category-artigo"],"_links":{"self":[{"href":"https:\/\/cofecon.org.br\/cofecon\/index.php?rest_route=\/wp\/v2\/posts\/26547"}],"collection":[{"href":"https:\/\/cofecon.org.br\/cofecon\/index.php?rest_route=\/wp\/v2\/posts"}],"about":[{"href":"https:\/\/cofecon.org.br\/cofecon\/index.php?rest_route=\/wp\/v2\/types\/post"}],"author":[{"embeddable":true,"href":"https:\/\/cofecon.org.br\/cofecon\/index.php?rest_route=\/wp\/v2\/users\/3"}],"replies":[{"embeddable":true,"href":"https:\/\/cofecon.org.br\/cofecon\/index.php?rest_route=%2Fwp%2Fv2%2Fcomments&post=26547"}],"version-history":[{"count":3,"href":"https:\/\/cofecon.org.br\/cofecon\/index.php?rest_route=\/wp\/v2\/posts\/26547\/revisions"}],"predecessor-version":[{"id":26554,"href":"https:\/\/cofecon.org.br\/cofecon\/index.php?rest_route=\/wp\/v2\/posts\/26547\/revisions\/26554"}],"wp:featuredmedia":[{"embeddable":true,"href":"https:\/\/cofecon.org.br\/cofecon\/index.php?rest_route=\/wp\/v2\/media\/26551"}],"wp:attachment":[{"href":"https:\/\/cofecon.org.br\/cofecon\/index.php?rest_route=%2Fwp%2Fv2%2Fmedia&parent=26547"}],"wp:term":[{"taxonomy":"category","embeddable":true,"href":"https:\/\/cofecon.org.br\/cofecon\/index.php?rest_route=%2Fwp%2Fv2%2Fcategories&post=26547"},{"taxonomy":"post_tag","embeddable":true,"href":"https:\/\/cofecon.org.br\/cofecon\/index.php?rest_route=%2Fwp%2Fv2%2Ftags&post=26547"}],"curies":[{"name":"wp","href":"https:\/\/api.w.org\/{rel}","templated":true}]}}