{"id":2649,"date":"2017-08-17T16:12:37","date_gmt":"2017-08-17T19:12:37","guid":{"rendered":"http:\/\/www.cofecon.org.br\/?p=2649"},"modified":"2017-08-17T16:12:37","modified_gmt":"2017-08-17T19:12:37","slug":"corecon-df-realizou-consultoria-economica-gratuita-no-centro-de-brasilia","status":"publish","type":"post","link":"https:\/\/cofecon.org.br\/cofecon\/?p=2649","title":{"rendered":"Corecon-DF realizou consultoria econ\u00f4mica gratuita no centro de Bras\u00edlia"},"content":{"rendered":"<p style=\"text-align: justify;\"><img loading=\"lazy\" decoding=\"async\" class=\" wp-image-2651 alignleft\" src=\"http:\/\/cofecon.org.br\/cofecon\/wp-content\/uploads\/2017\/08\/consult-df-2.jpg\" alt=\"\" width=\"319\" height=\"228\" srcset=\"https:\/\/cofecon.org.br\/cofecon\/wp-content\/uploads\/2017\/08\/consult-df-2.jpg 350w, https:\/\/cofecon.org.br\/cofecon\/wp-content\/uploads\/2017\/08\/consult-df-2-300x214.jpg 300w\" sizes=\"(max-width: 319px) 100vw, 319px\" \/>Or\u00e7amento apertado e dificuldade para pagar as contas. Essa \u00e9 a realidade de muitos brasileiros que sentem no bolso os efeitos da crise econ\u00f4mica. O Conselho Regional de Economia do Distrito Federal (Corecon-DF) realizou uma a\u00e7\u00e3o de consultoria econ\u00f4mica gratuita nesta quinta-feira, 17 de agosto, para auxiliar as pessoas a planejarem o or\u00e7amento familiar. Em uma tenda montada na pra\u00e7a central do Setor Comercial Sul, regi\u00e3o central de Bras\u00edlia, economistas atenderam a popula\u00e7\u00e3o das 9h30 \u00e0s 16h30. A iniciativa faz parte das comemora\u00e7\u00f5es pela Semana do Economista.<\/p>\n<p style=\"text-align: justify;\">O economista e conselheiro do Corecon-DF Ronalde Lins atendeu o mensageiro de hotel Rodrigo Rocha, que nunca havia passado por consultoria para entender como gastar melhor o seu dinheiro. Com sal\u00e1rio de R$ 2.500, ele consegue economizar at\u00e9 R$ 2.000 por m\u00eas. \u201cDescobri que estou no caminho certo, e que posso melhorar ainda mais. Vou cortar muitos gastos que eu pensava que eram pequenos mas que podem ter um impacto muito grande no meu or\u00e7amento\u201d, observou Rodrigo.<\/p>\n<p style=\"text-align: justify;\">Ronalde Lins disse que a maioria das pessoas atendidas buscaram informa\u00e7\u00f5es sobre aplica\u00e7\u00f5es e planejamento a longo prazo, assim como Rodrigo Rocha. \u201cPercebo que a popula\u00e7\u00e3o est\u00e1 preocupada em n\u00e3o gastar muito. As pessoas est\u00e3o se resguardando de qualquer d\u00edvida e juntando algum dinheiro para eventualidades, principalmente no que diz respeito \u00e0 sa\u00fade\u201d, informou. O economista acredita que esse comportamento \u00e9 um reflexo da crise econ\u00f4mica e seus impactos, como o alto n\u00famero de pessoas sem ocupa\u00e7\u00e3o.<\/p>\n<p style=\"text-align: justify;\"><img loading=\"lazy\" decoding=\"async\" class=\" wp-image-2650 alignleft\" src=\"http:\/\/cofecon.org.br\/cofecon\/wp-content\/uploads\/2017\/08\/corecon-df-3.jpg\" alt=\"\" width=\"206\" height=\"147\" srcset=\"https:\/\/cofecon.org.br\/cofecon\/wp-content\/uploads\/2017\/08\/corecon-df-3.jpg 350w, https:\/\/cofecon.org.br\/cofecon\/wp-content\/uploads\/2017\/08\/corecon-df-3-300x214.jpg 300w\" sizes=\"(max-width: 206px) 100vw, 206px\" \/>Al\u00e9m da consultoria econ\u00f4mica, o estande contou com uma Feira de Impostos, em que foram apresentados os produtos que t\u00eam maior tributa\u00e7\u00e3o e tamb\u00e9m o percentual de impostos pagos em alimentos b\u00e1sicos na mesa dos brasileiros, como feij\u00e3o e arroz. Por meio dessa a\u00e7\u00e3o, foi apresentada a Campanha pela Redu\u00e7\u00e3o da Desigualdade Social no Brasil, que tem como eixo central mudar o modelo tribut\u00e1rio brasileiro, reduzindo a tributa\u00e7\u00e3o sobre o consumo e a produ\u00e7\u00e3o e aumentando sobre a renda e a riqueza. O lan\u00e7amento do n\u00facleo DF da campanha ocorreu na tenda montada pelo Corecon-DF, e contou com a presen\u00e7a de representantes da Ordem dos Advogados do Brasil (OAB), Federa\u00e7\u00e3o Nacional dos Economistas (Fenecon), Sindicato dos Economistas do Distrito Federal (Sindecon-DF) e Auditoria Cidad\u00e3 da D\u00edvida.<\/p>\n<div id=\"attachment_2653\" style=\"width: 360px\" class=\"wp-caption alignnone\"><img loading=\"lazy\" decoding=\"async\" aria-describedby=\"caption-attachment-2653\" class=\"wp-image-2653 size-full\" src=\"http:\/\/cofecon.org.br\/cofecon\/wp-content\/uploads\/2017\/08\/IMG-20170817-WA0005.jpg\" alt=\"\" width=\"350\" height=\"250\" srcset=\"https:\/\/cofecon.org.br\/cofecon\/wp-content\/uploads\/2017\/08\/IMG-20170817-WA0005.jpg 350w, https:\/\/cofecon.org.br\/cofecon\/wp-content\/uploads\/2017\/08\/IMG-20170817-WA0005-300x214.jpg 300w\" sizes=\"(max-width: 350px) 100vw, 350px\" \/><p id=\"caption-attachment-2653\" class=\"wp-caption-text\">OAB, Fenecon, Sindecon-DF e Auditoria Cidad\u00e3 da D\u00edvida participaram do lan\u00e7amento do n\u00facleo DF da Campanha pela Redu\u00e7\u00e3o da Desigualdade Social no Brasil, coordenado pela vice-presidente do Corecon-DF, M\u00f4nica Beraldo.<\/p><\/div>\n<p style=\"text-align: center;\">\u00a0<\/p>\n<p>&nbsp;<\/p>\n","protected":false},"excerpt":{"rendered":"<p>Or\u00e7amento apertado e dificuldade para pagar as contas. Essa \u00e9 a realidade de muitos brasileiros que sentem no bolso os efeitos da crise econ\u00f4mica. O Conselho Regional de Economia do Distrito Federal (Corecon-DF) realizou uma a\u00e7\u00e3o de consultoria econ\u00f4mica gratuita<\/p>\n<p><a class=\"more-link\" href=\"https:\/\/cofecon.org.br\/cofecon\/?p=2649\">Leia Mais<\/a><\/p>\n","protected":false},"author":1,"featured_media":2651,"comment_status":"open","ping_status":"open","sticky":false,"template":"","format":"standard","meta":{"footnotes":""},"categories":[2],"tags":[],"class_list":["post-2649","post","type-post","status-publish","format-standard","has-post-thumbnail","hentry","category-noticias"],"_links":{"self":[{"href":"https:\/\/cofecon.org.br\/cofecon\/index.php?rest_route=\/wp\/v2\/posts\/2649"}],"collection":[{"href":"https:\/\/cofecon.org.br\/cofecon\/index.php?rest_route=\/wp\/v2\/posts"}],"about":[{"href":"https:\/\/cofecon.org.br\/cofecon\/index.php?rest_route=\/wp\/v2\/types\/post"}],"author":[{"embeddable":true,"href":"https:\/\/cofecon.org.br\/cofecon\/index.php?rest_route=\/wp\/v2\/users\/1"}],"replies":[{"embeddable":true,"href":"https:\/\/cofecon.org.br\/cofecon\/index.php?rest_route=%2Fwp%2Fv2%2Fcomments&post=2649"}],"version-history":[{"count":0,"href":"https:\/\/cofecon.org.br\/cofecon\/index.php?rest_route=\/wp\/v2\/posts\/2649\/revisions"}],"wp:featuredmedia":[{"embeddable":true,"href":"https:\/\/cofecon.org.br\/cofecon\/index.php?rest_route=\/wp\/v2\/media\/2651"}],"wp:attachment":[{"href":"https:\/\/cofecon.org.br\/cofecon\/index.php?rest_route=%2Fwp%2Fv2%2Fmedia&parent=2649"}],"wp:term":[{"taxonomy":"category","embeddable":true,"href":"https:\/\/cofecon.org.br\/cofecon\/index.php?rest_route=%2Fwp%2Fv2%2Fcategories&post=2649"},{"taxonomy":"post_tag","embeddable":true,"href":"https:\/\/cofecon.org.br\/cofecon\/index.php?rest_route=%2Fwp%2Fv2%2Ftags&post=2649"}],"curies":[{"name":"wp","href":"https:\/\/api.w.org\/{rel}","templated":true}]}}