{"id":26460,"date":"2025-10-11T15:45:46","date_gmt":"2025-10-11T18:45:46","guid":{"rendered":"https:\/\/cofecon.org.br\/cofecon\/?p=26460"},"modified":"2025-10-11T20:05:24","modified_gmt":"2025-10-11T23:05:24","slug":"xxvi-cbe-a-economia-diante-da-crise-climatica","status":"publish","type":"post","link":"https:\/\/cofecon.org.br\/cofecon\/?p=26460","title":{"rendered":"XXVI CBE: A economia diante da crise clim\u00e1tica"},"content":{"rendered":"\n<p><em>Economistas defenderam que a transi\u00e7\u00e3o para uma economia ecol\u00f3gica \u00e9 urgente \u2014 e que o Brasil pode ser protagonista na constru\u00e7\u00e3o de solu\u00e7\u00f5es sustent\u00e1veis e inclusivas<\/em><\/p>\n\n\n\n<p>A crise clim\u00e1tica deixou de ser uma amea\u00e7a distante para se tornar um dos principais vetores de transforma\u00e7\u00e3o econ\u00f4mica e social do s\u00e9culo XXI. O tema esteve no centro do painel <em>\u201cMeio Ambiente-Economia Ecol\u00f3gica\u201d<\/em>, realizado durante o XXVI Congresso Brasileiro de Economia (CBE), em Porto Alegre. O debate reuniu economistas de diferentes regi\u00f5es do pa\u00eds: Tania Cristina Teixeira, presidenta do Cofecon; Wallace Pereira, conselheiro do Corecon-MG e professor da Universidade do Par\u00e1; Michele Lins Aracaty e Silva, presidente do Corecon AM\/RR; e Marcus Eduardo de Oliveira, delegado regional do Corecon-SP \u2014 sob a media\u00e7\u00e3o da conselheira federal M\u00f4nica Beraldo.<\/p>\n\n\n\n<p>Ao abrir o painel, a presidenta Tania Teixeira contextualizou a urg\u00eancia do debate ambiental e destacou o papel ativo do Cofecon, por meio da Comiss\u00e3o de Sustentabilidade Econ\u00f4mica e Ambiental. Para a economista, \u201cdurante muito tempo essa quest\u00e3o foi colocada como um problema a ser resolvido no futuro, mas esse futuro j\u00e1 chegou\u201d. Ela lembrou que desde a ECO-92 a ci\u00eancia econ\u00f4mica foi desafiada a incorporar limites ecol\u00f3gicos do crescimento, dando origem a novas abordagens como a economia ecol\u00f3gica, a contabilidade verde e a precifica\u00e7\u00e3o do carbono.<\/p>\n\n\n\n<p>Tania tra\u00e7ou uma linha hist\u00f3rica da evolu\u00e7\u00e3o das pol\u00edticas clim\u00e1ticas \u2014 de Kyoto a Paris \u2014 e relacionou os marcos globais aos impactos cada vez mais severos dos desastres ambientais no Brasil. Citou as enchentes em Porto Alegre e a seca recorde na Amaz\u00f4nia como exemplos de \u201cum pa\u00eds confrontado com os extremos da crise clim\u00e1tica\u201d. A presidenta do Cofecon defendeu que \u201c\u00e9 preciso superar a vis\u00e3o de que preservar custa caro\u201d, argumentando que a transi\u00e7\u00e3o para energias limpas e a economia circular podem gerar empregos e aumentar a competitividade. \u201cTemos a escolha de ficar presos ao passado lamentando, ou assumir o protagonismo e nos reinventar\u201d, concluiu, chamando os economistas a pensar pol\u00edticas p\u00fablicas que integrem cr\u00e9dito socioambiental e cofinanciamento de iniciativas sustent\u00e1veis.<\/p>\n\n\n\n<p><strong>Infraestrutura e transporte como eixos da transi\u00e7\u00e3o verde<\/strong><\/p>\n\n\n\n<p>O professor Wallace Pereira trouxe uma an\u00e1lise t\u00e9cnica sobre a rela\u00e7\u00e3o entre emiss\u00f5es de gases de efeito estufa, ocupa\u00e7\u00e3o territorial e infraestrutura. Com base em dados recentes, destacou que \u201ca regi\u00e3o Norte, especialmente os estados do Par\u00e1 e do Mato Grosso, se destacam como os maiores emissores devido \u00e0 mudan\u00e7a no uso da terra e da floresta\u201d. Segundo ele, o padr\u00e3o de desenvolvimento herdado do per\u00edodo militar \u2014 centrado na expans\u00e3o rodovi\u00e1ria \u2014 ainda molda a estrutura produtiva e o perfil das emiss\u00f5es brasileiras.<\/p>\n\n\n\n<p>Para o economista, a mudan\u00e7a desse paradigma \u00e9 uma das maiores oportunidades para o pa\u00eds. \u201cO transporte ferrovi\u00e1rio e a cabotagem podem ser estrat\u00e9gicos n\u00e3o apenas para reduzir emiss\u00f5es, mas tamb\u00e9m para melhorar a produtividade e a competitividade da economia nacional\u201d, argumentou. Wallace defendeu que a reorganiza\u00e7\u00e3o dos modais de transporte deve estar no centro de uma nova pol\u00edtica de desenvolvimento sustent\u00e1vel, capaz de combinar ganhos econ\u00f4micos e ambientais. Em sua vis\u00e3o, \u201cinfraestrutura \u00e9 pol\u00edtica ambiental e econ\u00f4mica ao mesmo tempo\u201d. Ele tamb\u00e9m alertou para o desempenho negativo do Brasil nas exporta\u00e7\u00f5es de produtos verdes, refor\u00e7ando a necessidade de agregar valor \u00e0 biodiversidade e promover \u201csofistica\u00e7\u00e3o produtiva com base na intelig\u00eancia ecol\u00f3gica\u201d.<\/p>\n\n\n\n<p><strong>Amaz\u00f4nia no centro das solu\u00e7\u00f5es clim\u00e1ticas<\/strong><\/p>\n\n\n\n<p>Representando o Corecon AM\/RR, Michele Lins Aracaty e Silva trouxe a perspectiva amaz\u00f4nica ao debate, destacando que \u201cas mudan\u00e7as clim\u00e1ticas j\u00e1 fazem parte da nossa realidade\u201d e atingem de forma mais dura as popula\u00e7\u00f5es vulner\u00e1veis. Relatando sua experi\u00eancia direta na regi\u00e3o, ela lembrou que \u201ca Amaz\u00f4nia ficou sem \u00e1gua nos \u00faltimos dois anos, algo que parecia impens\u00e1vel\u201d. A economista enfatizou que a crise clim\u00e1tica agrava desigualdades e exige pol\u00edticas que aliem mitiga\u00e7\u00e3o e justi\u00e7a social.<\/p>\n\n\n\n<p>Michele defendeu que o Brasil precisa ser visto \u201cn\u00e3o como um problema, mas como celeiro de solu\u00e7\u00f5es\u201d. Para ela, as oportunidades est\u00e3o na bioeconomia, nas energias renov\u00e1veis e na gera\u00e7\u00e3o de empregos verdes. A economista destacou ainda a import\u00e2ncia de fortalecer o financiamento clim\u00e1tico e criar infraestrutura mais resiliente, especialmente nas cidades amaz\u00f4nicas. Com a COP30 marcada para novembro de 2025, em Bel\u00e9m, Michele v\u00ea uma chance hist\u00f3rica de o pa\u00eds liderar uma agenda global de justi\u00e7a clim\u00e1tica. \u201cO Brasil tem a chance de mostrar ao mundo que \u00e9 poss\u00edvel crescer preservando\u201d, concluiu.<\/p>\n\n\n\n<p><strong>Repensar a economia para preservar a vida<\/strong><\/p>\n\n\n\n<p>Encerrando o painel, o economista Marcus Eduardo de Oliveira refor\u00e7ou a dimens\u00e3o \u00e9tica e civilizat\u00f3ria do desafio ambiental. Ele destacou que o modelo econ\u00f4mico atual est\u00e1 em desequil\u00edbrio com os limites planet\u00e1rios e precisa ser repensado. \u201cA economia n\u00e3o \u00e9 uma ci\u00eancia do lucro, \u00e9 uma ci\u00eancia da sobreviv\u00eancia\u201d, afirmou. Segundo ele, \u00e9 fundamental compreender que a sustentabilidade n\u00e3o \u00e9 apenas uma vari\u00e1vel, mas o pr\u00f3prio eixo de sustenta\u00e7\u00e3o da vida econ\u00f4mica.<\/p>\n\n\n\n<p>Marcus defendeu uma \u201cnova racionalidade econ\u00f4mica\u201d, na qual o progresso seja medido n\u00e3o pelo PIB, mas pelo bem-estar e pela preserva\u00e7\u00e3o ambiental. \u201cO planeta n\u00e3o precisa de mais crescimento; precisa de regenera\u00e7\u00e3o\u201d, disse. Ele prop\u00f4s que a economia ecol\u00f3gica sirva de base para uma mudan\u00e7a estrutural no modo de produzir e consumir, integrando valores humanos e ambientais \u00e0s decis\u00f5es macroecon\u00f4micas. \u201cQuando o meio ambiente entra em colapso, a economia tamb\u00e9m entra\u201d, alertou.<\/p>\n\n\n\n<p><strong>XXVI Congresso Brasileiro de Economia<\/strong><\/p>\n\n\n\n<p>O Congresso Brasileiro de Economia ocorreu de 06 a 10 de outubro no Plaza S\u00e3o Rafael Hotel, em Porto Alegre, com o tema \u201cDesenvolvimento Sustent\u00e1vel: Reconstru\u00e7\u00e3o, Desafios e Oportunidades\u201d. O evento reuniu cerca de 50 especialistas e 500 participantes (online e presencial) em torno de grandes temas que impactam o futuro do pa\u00eds, como reforma tribut\u00e1ria, mudan\u00e7as clim\u00e1ticas, com\u00e9rcio internacional, agroneg\u00f3cio, desigualdades regionais, inova\u00e7\u00e3o, economia comportamental, educa\u00e7\u00e3o financeira e o papel do Estado na neoindustrializa\u00e7\u00e3o. A promo\u00e7\u00e3o foi do Cofecon, em parceria com o Corecon\/RS.<\/p>\n\n\n\n<p>O evento contou com o patroc\u00ednio do Banco Nacional de Desenvolvimento Econ\u00f4mico e Social (BNDES), Vero\/Banrisul, Banco Regional de Desenvolvimento do Extremo Sul (BRDE), Monte Bravo Investimentos, Conselhos Regionais de Economia de S\u00e3o Paulo, Mato Grosso do Sul, Pernambuco, Paran\u00e1 e Rio de Janeiro.<\/p>\n","protected":false},"excerpt":{"rendered":"<p>Economistas defenderam que a transi\u00e7\u00e3o para uma economia ecol\u00f3gica \u00e9 urgente \u2014 e que o Brasil pode ser protagonista na constru\u00e7\u00e3o de solu\u00e7\u00f5es sustent\u00e1veis e inclusivas A crise clim\u00e1tica deixou de ser uma amea\u00e7a distante para se tornar um dos<\/p>\n<p><a class=\"more-link\" href=\"https:\/\/cofecon.org.br\/cofecon\/?p=26460\">Leia Mais<\/a><\/p>\n","protected":false},"author":3,"featured_media":26490,"comment_status":"closed","ping_status":"closed","sticky":false,"template":"","format":"standard","meta":{"footnotes":""},"categories":[2],"tags":[],"class_list":["post-26460","post","type-post","status-publish","format-standard","has-post-thumbnail","hentry","category-noticias"],"_links":{"self":[{"href":"https:\/\/cofecon.org.br\/cofecon\/index.php?rest_route=\/wp\/v2\/posts\/26460"}],"collection":[{"href":"https:\/\/cofecon.org.br\/cofecon\/index.php?rest_route=\/wp\/v2\/posts"}],"about":[{"href":"https:\/\/cofecon.org.br\/cofecon\/index.php?rest_route=\/wp\/v2\/types\/post"}],"author":[{"embeddable":true,"href":"https:\/\/cofecon.org.br\/cofecon\/index.php?rest_route=\/wp\/v2\/users\/3"}],"replies":[{"embeddable":true,"href":"https:\/\/cofecon.org.br\/cofecon\/index.php?rest_route=%2Fwp%2Fv2%2Fcomments&post=26460"}],"version-history":[{"count":1,"href":"https:\/\/cofecon.org.br\/cofecon\/index.php?rest_route=\/wp\/v2\/posts\/26460\/revisions"}],"predecessor-version":[{"id":26461,"href":"https:\/\/cofecon.org.br\/cofecon\/index.php?rest_route=\/wp\/v2\/posts\/26460\/revisions\/26461"}],"wp:featuredmedia":[{"embeddable":true,"href":"https:\/\/cofecon.org.br\/cofecon\/index.php?rest_route=\/wp\/v2\/media\/26490"}],"wp:attachment":[{"href":"https:\/\/cofecon.org.br\/cofecon\/index.php?rest_route=%2Fwp%2Fv2%2Fmedia&parent=26460"}],"wp:term":[{"taxonomy":"category","embeddable":true,"href":"https:\/\/cofecon.org.br\/cofecon\/index.php?rest_route=%2Fwp%2Fv2%2Fcategories&post=26460"},{"taxonomy":"post_tag","embeddable":true,"href":"https:\/\/cofecon.org.br\/cofecon\/index.php?rest_route=%2Fwp%2Fv2%2Ftags&post=26460"}],"curies":[{"name":"wp","href":"https:\/\/api.w.org\/{rel}","templated":true}]}}