{"id":26458,"date":"2025-10-11T15:42:55","date_gmt":"2025-10-11T18:42:55","guid":{"rendered":"https:\/\/cofecon.org.br\/cofecon\/?p=26458"},"modified":"2025-10-11T20:05:26","modified_gmt":"2025-10-11T23:05:26","slug":"xxvi-cbe-violencia-de-genero-seu-impacto-invisivel-sobre-o-desenvolvimento","status":"publish","type":"post","link":"https:\/\/cofecon.org.br\/cofecon\/?p=26458","title":{"rendered":"XXVI CBE: Viol\u00eancia de g\u00eanero seu impacto invis\u00edvel sobre o desenvolvimento"},"content":{"rendered":"\n<p><em>Especialistas apontam como a viol\u00eancia de g\u00eanero refor\u00e7a a necessidade de pol\u00edticas p\u00fablicas inclusivas e equitativas<\/em><\/p>\n\n\n\n<p>O tema da viol\u00eancia de g\u00eanero, discutido no F\u00f3rum da Mulher Economista e Diversidade, realizado dentro do XXVI Congresso Brasileiro de Economia, surgiu como desdobramento natural das discuss\u00f5es sobre autonomia e sustentabilidade. A palestra \u201cImpactos da viol\u00eancia de g\u00eanero na economia, alternativas e solu\u00e7\u00f5es\u201d trouxe dados alarmantes e reflex\u00f5es sobre como o problema repercute na produtividade, na renda e na coes\u00e3o social.<\/p>\n\n\n\n<p>A economista Isabel de C\u00e1ssia Ribeiro, presidente do Corecon-BA, lembrou que o Brasil registrou quase 4 mil assassinatos de mulheres em 2023. \u201cAs mulheres continuam expostas a diferentes formas de viol\u00eancia &#8211; f\u00edsica, psicol\u00f3gica e sexual. O feminic\u00eddio acaba com a vida, mas h\u00e1 outras viol\u00eancias que tamb\u00e9m v\u00e3o destruindo a vida das mulheres\u201d, afirmou.<\/p>\n\n\n\n<p>Ela destacou o entrela\u00e7amento entre viol\u00eancia racial e de g\u00eanero: \u201cN\u00e3o \u00e9 mimimi, \u00e9 racismo estrutural. \u00c9 muito triste ver que as mulheres negras s\u00e3o as maiores v\u00edtimas.\u201d<br>Os n\u00fameros confirmam: entre 2013 e 2023, 47.463 mulheres foram assassinadas, e o risco de uma mulher negra ser morta \u00e9 70% maior do que o de uma mulher n\u00e3o negra. \u201cA viol\u00eancia maior est\u00e1 ocorrendo dentro da resid\u00eancia. \u00c9 triste ver que o lugar que deveria ser de seguran\u00e7a se tornou o mais perigoso para as mulheres\u201d, pontuou Isabel.<\/p>\n\n\n\n<p>A conselheira federal Ana Cl\u00e1udia Arruda, presidente do Corecon-PE, complementou: \u201cA viol\u00eancia est\u00e1 muito relacionada \u00e0 pobreza. Nas regi\u00f5es mais pobres, ela se torna ainda mais intensa. \u00c9 o crescimento econ\u00f4mico, com pol\u00edticas consistentes, que pode dar conta desse problema.\u201d Ela defendeu a constru\u00e7\u00e3o de um novo pacto social, com pol\u00edticas macroecon\u00f4micas voltadas \u00e0 gera\u00e7\u00e3o de emprego e renda para as mulheres. \u201cA pobreza \u00e9 feminina. E a economia precisa dar respostas a isso\u201d.<\/p>\n\n\n\n<p><strong>XXVI Congresso Brasileiro de Economia<\/strong>&nbsp;<\/p>\n\n\n\n<p>O Congresso Brasileiro de Economia ocorreu de 06 a 10 de outubro no Plaza S\u00e3o Rafael Hotel, em Porto Alegre, com o tema \u201cDesenvolvimento Sustent\u00e1vel: Reconstru\u00e7\u00e3o, Desafios e Oportunidades\u201d. O evento reuniu cerca de 50 especialistas e 500 participantes (online e presencial) em torno de grandes temas que impactam o futuro do pa\u00eds, como reforma tribut\u00e1ria, mudan\u00e7as clim\u00e1ticas, com\u00e9rcio internacional, agroneg\u00f3cio, desigualdades regionais, inova\u00e7\u00e3o, economia comportamental, educa\u00e7\u00e3o financeira e o papel do Estado na neoindustrializa\u00e7\u00e3o. A promo\u00e7\u00e3o foi do Cofecon, em parceria com o Corecon\/RS.&nbsp;<\/p>\n\n\n\n<p>O evento contou com o patroc\u00ednio do Banco Nacional de Desenvolvimento Econ\u00f4mico e Social (BNDES), Vero\/Banrisul, Banco Regional de Desenvolvimento do Extremo Sul (BRDE), Monte Bravo Investimentos, Conselhos Regionais de Economia de S\u00e3o Paulo, Mato Grosso do Sul, Pernambuco, Paran\u00e1 e Rio de Janeiro.<\/p>\n","protected":false},"excerpt":{"rendered":"<p>Especialistas apontam como a viol\u00eancia de g\u00eanero refor\u00e7a a necessidade de pol\u00edticas p\u00fablicas inclusivas e equitativas O tema da viol\u00eancia de g\u00eanero, discutido no F\u00f3rum da Mulher Economista e Diversidade, realizado dentro do XXVI Congresso Brasileiro de Economia, surgiu como<\/p>\n<p><a class=\"more-link\" href=\"https:\/\/cofecon.org.br\/cofecon\/?p=26458\">Leia Mais<\/a><\/p>\n","protected":false},"author":3,"featured_media":26489,"comment_status":"closed","ping_status":"closed","sticky":false,"template":"","format":"standard","meta":{"footnotes":""},"categories":[2],"tags":[],"class_list":["post-26458","post","type-post","status-publish","format-standard","has-post-thumbnail","hentry","category-noticias"],"_links":{"self":[{"href":"https:\/\/cofecon.org.br\/cofecon\/index.php?rest_route=\/wp\/v2\/posts\/26458"}],"collection":[{"href":"https:\/\/cofecon.org.br\/cofecon\/index.php?rest_route=\/wp\/v2\/posts"}],"about":[{"href":"https:\/\/cofecon.org.br\/cofecon\/index.php?rest_route=\/wp\/v2\/types\/post"}],"author":[{"embeddable":true,"href":"https:\/\/cofecon.org.br\/cofecon\/index.php?rest_route=\/wp\/v2\/users\/3"}],"replies":[{"embeddable":true,"href":"https:\/\/cofecon.org.br\/cofecon\/index.php?rest_route=%2Fwp%2Fv2%2Fcomments&post=26458"}],"version-history":[{"count":1,"href":"https:\/\/cofecon.org.br\/cofecon\/index.php?rest_route=\/wp\/v2\/posts\/26458\/revisions"}],"predecessor-version":[{"id":26459,"href":"https:\/\/cofecon.org.br\/cofecon\/index.php?rest_route=\/wp\/v2\/posts\/26458\/revisions\/26459"}],"wp:featuredmedia":[{"embeddable":true,"href":"https:\/\/cofecon.org.br\/cofecon\/index.php?rest_route=\/wp\/v2\/media\/26489"}],"wp:attachment":[{"href":"https:\/\/cofecon.org.br\/cofecon\/index.php?rest_route=%2Fwp%2Fv2%2Fmedia&parent=26458"}],"wp:term":[{"taxonomy":"category","embeddable":true,"href":"https:\/\/cofecon.org.br\/cofecon\/index.php?rest_route=%2Fwp%2Fv2%2Fcategories&post=26458"},{"taxonomy":"post_tag","embeddable":true,"href":"https:\/\/cofecon.org.br\/cofecon\/index.php?rest_route=%2Fwp%2Fv2%2Ftags&post=26458"}],"curies":[{"name":"wp","href":"https:\/\/api.w.org\/{rel}","templated":true}]}}