{"id":26454,"date":"2025-10-11T15:41:21","date_gmt":"2025-10-11T18:41:21","guid":{"rendered":"https:\/\/cofecon.org.br\/cofecon\/?p=26454"},"modified":"2025-10-11T20:05:27","modified_gmt":"2025-10-11T23:05:27","slug":"xxvi-cbe-genero-diversidade-e-desenvolvimento-sustentavel","status":"publish","type":"post","link":"https:\/\/cofecon.org.br\/cofecon\/?p=26454","title":{"rendered":"XXVI CBE: G\u00eanero, diversidade e desenvolvimento sustent\u00e1vel"},"content":{"rendered":"\n<p><em>Especialistas destacam a urg\u00eancia de integrar justi\u00e7a de g\u00eanero, cuidado e sustentabilidade ambiental nas pol\u00edticas econ\u00f4micas e urbanas<\/em><\/p>\n\n\n\n<p>O conceito de desenvolvimento sustent\u00e1vel, formulado nos anos 1970, continua sendo um desafio para o mundo contempor\u00e2neo. Para economistas como Marilane Oliveira Teixeira e Janine Alves, repensar crescimento econ\u00f4mico significa ir al\u00e9m do PIB, incorporando a igualdade de g\u00eanero, a justi\u00e7a social e a sustentabilidade ambiental. As especialistas alertam que a crise clim\u00e1tica n\u00e3o \u00e9 neutra e refor\u00e7am a import\u00e2ncia de pol\u00edticas p\u00fablicas e planejamento urbano que reconhe\u00e7am o valor do trabalho de cuidado e protejam as popula\u00e7\u00f5es mais vulner\u00e1veis, promovendo um desenvolvimento verdadeiramente inclusivo e sustent\u00e1vel.<\/p>\n\n\n\n<p>A economista Marilane Oliveira Teixeira destacou que o conceito de desenvolvimento sustent\u00e1vel, criado nos anos 1970, precisa ser constantemente revisitado. \u201cAlcan\u00e7ar o desenvolvimento sustent\u00e1vel \u00e9 um grande desafio. Questionar o conceito de crescimento econ\u00f4mico, supostamente baseado apenas na expans\u00e3o do PIB, \u00e9 absolutamente necess\u00e1rio, mas construir outra perspectiva \u00e9 dif\u00edcil, sobretudo dentro dos limites do capitalismo\u201d, afirmou.<\/p>\n\n\n\n<p>Marilane destaca que a economia feminista oferece esse novo olhar. \u201cA formula\u00e7\u00e3o da economia feminista parte de uma cr\u00edtica profunda ao paradigma econ\u00f4mico dominante, centrado no PIB e na racionalidade do mercado. Prop\u00f5e redefinir o conceito de desenvolvimento incorporando igualdade de g\u00eanero, justi\u00e7a social, cuidado e sustentabilidade ambiental como dimens\u00f5es interdependentes\u201d, explicou.<\/p>\n\n\n\n<p>Ela defendeu, ainda, a sustentabilidade da vida como conceito central, reunindo a preserva\u00e7\u00e3o dos recursos naturais e o reconhecimento do trabalho de cuidado. \u201cSustentabilidade n\u00e3o \u00e9 apenas ambiental, mas tamb\u00e9m social e reprodutiva. \u00c9 preciso reconhecer o trabalho de cuidado e integr\u00e1-lo \u00e0s contas nacionais, criando indicadores que reflitam o bem-estar e n\u00e3o apenas o crescimento econ\u00f4mico\u201d, afirmou.<\/p>\n\n\n\n<p>A economista Janine Alves, vice-presidente do Corecon-SC, trouxe um alerta contundente: a crise clim\u00e1tica amplia as desigualdades de g\u00eanero. \u201cA crise clim\u00e1tica n\u00e3o \u00e9 neutra em termos de g\u00eanero. Mulheres e meninas est\u00e3o entre as mais impactadas\u201d, afirmou, trazendo dados que revelam que 80% das pessoas deslocadas por eventos clim\u00e1ticos s\u00e3o mulheres e que elas t\u00eam 14 vezes mais risco de morrer em desastres ambientais. \u201cDurante ondas de calor, os casos de feminic\u00eddio aumentam 28%. At\u00e9 o fim do s\u00e9culo, a mudan\u00e7a clim\u00e1tica poder\u00e1 estar ligada a um em cada quatro casos de viol\u00eancia dom\u00e9stica\u201d, relatou.<\/p>\n\n\n\n<p>Segundo Janine, 94% dos munic\u00edpios brasileiros ainda n\u00e3o incorporam estrat\u00e9gias de preven\u00e7\u00e3o de desastres em seus planos diretores. \u201cOs prefeitos e vereadores precisam compreender que o planejamento urbano \u00e9 uma ferramenta de justi\u00e7a clim\u00e1tica. Quem n\u00e3o cuida do meio ambiente n\u00e3o est\u00e1 cuidando da vida das pessoas nem do desenvolvimento econ\u00f4mico\u201d, afirmou.<\/p>\n\n\n\n<p><strong>XXVI Congresso Brasileiro de Economia<\/strong>&nbsp;<\/p>\n\n\n\n<p>O Congresso Brasileiro de Economia ocorreu de 06 a 10 de outubro no Plaza S\u00e3o Rafael Hotel, em Porto Alegre, com o tema \u201cDesenvolvimento Sustent\u00e1vel: Reconstru\u00e7\u00e3o, Desafios e Oportunidades\u201d. O evento reuniu cerca de 50 especialistas e 500 participantes (online e presencial) em torno de grandes temas que impactam o futuro do pa\u00eds, como reforma tribut\u00e1ria, mudan\u00e7as clim\u00e1ticas, com\u00e9rcio internacional, agroneg\u00f3cio, desigualdades regionais, inova\u00e7\u00e3o, economia comportamental, educa\u00e7\u00e3o financeira e o papel do Estado na neoindustrializa\u00e7\u00e3o. A promo\u00e7\u00e3o foi do Cofecon, em parceria com o Corecon\/RS.&nbsp;<\/p>\n\n\n\n<p>O evento contou com o patroc\u00ednio do Banco Nacional de Desenvolvimento Econ\u00f4mico e Social (BNDES), Vero\/Banrisul, Banco Regional de Desenvolvimento do Extremo Sul (BRDE), Monte Bravo Investimentos, Conselhos Regionais de Economia de S\u00e3o Paulo, Mato Grosso do Sul, Pernambuco, Paran\u00e1 e Rio de Janeiro.&nbsp;<\/p>\n","protected":false},"excerpt":{"rendered":"<p>Especialistas destacam a urg\u00eancia de integrar justi\u00e7a de g\u00eanero, cuidado e sustentabilidade ambiental nas pol\u00edticas econ\u00f4micas e urbanas O conceito de desenvolvimento sustent\u00e1vel, formulado nos anos 1970, continua sendo um desafio para o mundo contempor\u00e2neo. Para economistas como Marilane Oliveira<\/p>\n<p><a class=\"more-link\" href=\"https:\/\/cofecon.org.br\/cofecon\/?p=26454\">Leia Mais<\/a><\/p>\n","protected":false},"author":3,"featured_media":26488,"comment_status":"closed","ping_status":"closed","sticky":false,"template":"","format":"standard","meta":{"footnotes":""},"categories":[2],"tags":[],"class_list":["post-26454","post","type-post","status-publish","format-standard","has-post-thumbnail","hentry","category-noticias"],"_links":{"self":[{"href":"https:\/\/cofecon.org.br\/cofecon\/index.php?rest_route=\/wp\/v2\/posts\/26454"}],"collection":[{"href":"https:\/\/cofecon.org.br\/cofecon\/index.php?rest_route=\/wp\/v2\/posts"}],"about":[{"href":"https:\/\/cofecon.org.br\/cofecon\/index.php?rest_route=\/wp\/v2\/types\/post"}],"author":[{"embeddable":true,"href":"https:\/\/cofecon.org.br\/cofecon\/index.php?rest_route=\/wp\/v2\/users\/3"}],"replies":[{"embeddable":true,"href":"https:\/\/cofecon.org.br\/cofecon\/index.php?rest_route=%2Fwp%2Fv2%2Fcomments&post=26454"}],"version-history":[{"count":1,"href":"https:\/\/cofecon.org.br\/cofecon\/index.php?rest_route=\/wp\/v2\/posts\/26454\/revisions"}],"predecessor-version":[{"id":26455,"href":"https:\/\/cofecon.org.br\/cofecon\/index.php?rest_route=\/wp\/v2\/posts\/26454\/revisions\/26455"}],"wp:featuredmedia":[{"embeddable":true,"href":"https:\/\/cofecon.org.br\/cofecon\/index.php?rest_route=\/wp\/v2\/media\/26488"}],"wp:attachment":[{"href":"https:\/\/cofecon.org.br\/cofecon\/index.php?rest_route=%2Fwp%2Fv2%2Fmedia&parent=26454"}],"wp:term":[{"taxonomy":"category","embeddable":true,"href":"https:\/\/cofecon.org.br\/cofecon\/index.php?rest_route=%2Fwp%2Fv2%2Fcategories&post=26454"},{"taxonomy":"post_tag","embeddable":true,"href":"https:\/\/cofecon.org.br\/cofecon\/index.php?rest_route=%2Fwp%2Fv2%2Ftags&post=26454"}],"curies":[{"name":"wp","href":"https:\/\/api.w.org\/{rel}","templated":true}]}}