{"id":26452,"date":"2025-10-11T15:40:53","date_gmt":"2025-10-11T18:40:53","guid":{"rendered":"https:\/\/cofecon.org.br\/cofecon\/?p=26452"},"modified":"2025-10-11T20:05:28","modified_gmt":"2025-10-11T23:05:28","slug":"xxvi-cbe-forum-da-mulher-economista-teve-debates-e-lancamento-de-livro","status":"publish","type":"post","link":"https:\/\/cofecon.org.br\/cofecon\/?p=26452","title":{"rendered":"XXVI CBE: F\u00f3rum da Mulher Economista teve debates e lan\u00e7amento de livro"},"content":{"rendered":"\n<p><em>Espa\u00e7o vem se tornando tradicional nos eventos do Sistema Cofecon\/Corecons. Para Tania Teixeira, presen\u00e7a feminina na economia \u00e9 fundamental para ampliar o olhar sobre as desigualdades<\/em><\/p>\n\n\n\n<p>Em um mundo em que as desigualdades de g\u00eanero ainda se refletem em todas as esferas da vida social e econ\u00f4mica, pensar o desenvolvimento sob uma \u00f3tica feminista \u00e9 mais do que uma necessidade: \u00e9 um passo fundamental para a constru\u00e7\u00e3o de uma sociedade mais justa. Esse foi o ponto de partida das discuss\u00f5es que marcaram o F\u00f3rum da Mulher Economista e Diversidade e o lan\u00e7amento do livro <em>Economia Feminista no Brasil<\/em>, realizados durante o XXVI Congresso Brasileiro de Economia (CBE), em Porto Alegre.<\/p>\n\n\n\n<p>A programa\u00e7\u00e3o contou com tr\u00eas pain\u00e9is de debates que abordaram quest\u00f5es relevantes sobre g\u00eanero, diversidade e o papel da mulher na economia. Na abertura do F\u00f3rum, a presidenta do Conselho Federal de Economia (Cofecon), Tania Cristina Teixeira, destacou a import\u00e2ncia de espa\u00e7os que tragam \u00e0 tona o papel das mulheres na formula\u00e7\u00e3o de pol\u00edticas p\u00fablicas e na produ\u00e7\u00e3o de conhecimento econ\u00f4mico. \u201cA presen\u00e7a das mulheres na economia \u00e9 essencial para ampliar o olhar sobre as desigualdades e propor solu\u00e7\u00f5es que contemplem toda a sociedade. Ainda h\u00e1 muito a avan\u00e7ar, mas o caminho passa pela ocupa\u00e7\u00e3o de espa\u00e7os e pela valoriza\u00e7\u00e3o da nossa voz\u201d, afirmou.<\/p>\n\n\n\n<p>Tania tamb\u00e9m ressaltou o compromisso do Cofecon em fortalecer a pauta da diversidade como eixo estruturante da profiss\u00e3o. \u201cO F\u00f3rum \u00e9 uma oportunidade de reflex\u00e3o e tamb\u00e9m de reconhecimento. Cada vez mais, precisamos pensar a economia a partir das diferentes realidades do pa\u00eds, valorizando a contribui\u00e7\u00e3o das mulheres economistas em todas as \u00e1reas \u2014 da pesquisa ao mercado de trabalho.\u201d<\/p>\n\n\n\n<p><strong>Lan\u00e7amento de livro<\/strong><\/p>\n\n\n\n<p>Um dos destaques da programa\u00e7\u00e3o do F\u00f3rum foi o lan\u00e7amento do livro <em>Economia Feminista no Brasil, <\/em>organizado por <a href=\"https:\/\/www.amazon.com.br\/s\/ref=dp_byline_sr_book_1?ie=UTF8&amp;field-author=Marilane+Oliveira+Teixeira&amp;text=Marilane+Oliveira+Teixeira&amp;sort=relevancerank&amp;search-alias=stripbooks\">Marilane Oliveira Teixeira<\/a>, <a href=\"https:\/\/www.amazon.com.br\/s\/ref=dp_byline_sr_book_2?ie=UTF8&amp;field-author=Margarita+Olivera&amp;text=Margarita+Olivera&amp;sort=relevancerank&amp;search-alias=stripbooks\">Margarita Olivera<\/a>&nbsp;e <a href=\"https:\/\/www.amazon.com.br\/s\/ref=dp_byline_sr_book_3?ie=UTF8&amp;field-author=Clarice+Menezes+Vieira&amp;text=Clarice+Menezes+Vieira&amp;sort=relevancerank&amp;search-alias=stripbooks\">Clarice Menezes Vieira<\/a>. O livro apresenta uma colet\u00e2nea de estudos que tra\u00e7am um panorama da economia feminista brasileira, explorando temas como trabalho, renda, pol\u00edticas p\u00fablicas, or\u00e7amento sens\u00edvel a g\u00eanero e economia do cuidado.<\/p>\n\n\n\n<p>A obra transforma a an\u00e1lise da desigualdade de g\u00eanero ao deslocar o foco do &#8220;mercado&#8221; para o sistema econ\u00f4mico como um todo, integrando aspectos como reprodu\u00e7\u00e3o social, tempo e rela\u00e7\u00f5es de poder. Essa perspectiva permite visibilizar o trabalho n\u00e3o pago \u2014 tanto dom\u00e9stico quanto de cuidado \u2014 como parte fundamental da produ\u00e7\u00e3o de riqueza, evidenciando que as desigualdades n\u00e3o emergem apenas no mercado de trabalho, mas s\u00e3o geradas previamente nas din\u00e2micas familiares e sociais. A divis\u00e3o sexual do trabalho, que atribui fun\u00e7\u00f5es espec\u00edficas \u00e0s mulheres, \u00e9 um exemplo claro dessa desigualdade.<\/p>\n\n\n\n<p>Marilane refor\u00e7ou a import\u00e2ncia de conectar teoria e pr\u00e1tica, aproximando a reflex\u00e3o acad\u00eamica da atua\u00e7\u00e3o profissional das economistas. \u201cO livro \u00e9 uma forma de reconhecer o trabalho que j\u00e1 vem sendo feito por muitas mulheres no campo da economia e, ao mesmo tempo, de inspirar novas gera\u00e7\u00f5es de economistas a pensar o desenvolvimento sob uma \u00f3tica mais justa e igualit\u00e1ria\u201d, afirmou.<\/p>\n\n\n\n<p><strong>XXVI Congresso Brasileiro de Economia<\/strong>&nbsp;<\/p>\n\n\n\n<p>O Congresso Brasileiro de Economia ocorreu de 06 a 10 de outubro no Plaza S\u00e3o Rafael Hotel, em Porto Alegre, com o tema \u201cDesenvolvimento Sustent\u00e1vel: Reconstru\u00e7\u00e3o, Desafios e Oportunidades\u201d. O evento reuniu cerca de 50 especialistas e 500 participantes (online e presencial) em torno de grandes temas que impactam o futuro do pa\u00eds, como reforma tribut\u00e1ria, mudan\u00e7as clim\u00e1ticas, com\u00e9rcio internacional, agroneg\u00f3cio, desigualdades regionais, inova\u00e7\u00e3o, economia comportamental, educa\u00e7\u00e3o financeira e o papel do Estado na neoindustrializa\u00e7\u00e3o. A promo\u00e7\u00e3o foi do Cofecon, em parceria com o Corecon\/RS.<\/p>\n\n\n\n<p>O evento contou com o patroc\u00ednio do Banco Nacional de Desenvolvimento Econ\u00f4mico e Social (BNDES), Vero\/Banrisul, Banco Regional de Desenvolvimento do Extremo Sul (BRDE), Monte Bravo Investimentos, Conselhos Regionais de Economia de S\u00e3o Paulo, Mato Grosso do Sul, Pernambuco, Paran\u00e1 e Rio de Janeiro.<\/p>\n","protected":false},"excerpt":{"rendered":"<p>Espa\u00e7o vem se tornando tradicional nos eventos do Sistema Cofecon\/Corecons. Para Tania Teixeira, presen\u00e7a feminina na economia \u00e9 fundamental para ampliar o olhar sobre as desigualdades Em um mundo em que as desigualdades de g\u00eanero ainda se refletem em todas<\/p>\n<p><a class=\"more-link\" href=\"https:\/\/cofecon.org.br\/cofecon\/?p=26452\">Leia Mais<\/a><\/p>\n","protected":false},"author":3,"featured_media":26487,"comment_status":"closed","ping_status":"closed","sticky":false,"template":"","format":"standard","meta":{"footnotes":""},"categories":[2],"tags":[],"class_list":["post-26452","post","type-post","status-publish","format-standard","has-post-thumbnail","hentry","category-noticias"],"_links":{"self":[{"href":"https:\/\/cofecon.org.br\/cofecon\/index.php?rest_route=\/wp\/v2\/posts\/26452"}],"collection":[{"href":"https:\/\/cofecon.org.br\/cofecon\/index.php?rest_route=\/wp\/v2\/posts"}],"about":[{"href":"https:\/\/cofecon.org.br\/cofecon\/index.php?rest_route=\/wp\/v2\/types\/post"}],"author":[{"embeddable":true,"href":"https:\/\/cofecon.org.br\/cofecon\/index.php?rest_route=\/wp\/v2\/users\/3"}],"replies":[{"embeddable":true,"href":"https:\/\/cofecon.org.br\/cofecon\/index.php?rest_route=%2Fwp%2Fv2%2Fcomments&post=26452"}],"version-history":[{"count":1,"href":"https:\/\/cofecon.org.br\/cofecon\/index.php?rest_route=\/wp\/v2\/posts\/26452\/revisions"}],"predecessor-version":[{"id":26453,"href":"https:\/\/cofecon.org.br\/cofecon\/index.php?rest_route=\/wp\/v2\/posts\/26452\/revisions\/26453"}],"wp:featuredmedia":[{"embeddable":true,"href":"https:\/\/cofecon.org.br\/cofecon\/index.php?rest_route=\/wp\/v2\/media\/26487"}],"wp:attachment":[{"href":"https:\/\/cofecon.org.br\/cofecon\/index.php?rest_route=%2Fwp%2Fv2%2Fmedia&parent=26452"}],"wp:term":[{"taxonomy":"category","embeddable":true,"href":"https:\/\/cofecon.org.br\/cofecon\/index.php?rest_route=%2Fwp%2Fv2%2Fcategories&post=26452"},{"taxonomy":"post_tag","embeddable":true,"href":"https:\/\/cofecon.org.br\/cofecon\/index.php?rest_route=%2Fwp%2Fv2%2Ftags&post=26452"}],"curies":[{"name":"wp","href":"https:\/\/api.w.org\/{rel}","templated":true}]}}