{"id":26450,"date":"2025-10-11T15:40:21","date_gmt":"2025-10-11T18:40:21","guid":{"rendered":"https:\/\/cofecon.org.br\/cofecon\/?p=26450"},"modified":"2025-10-11T20:05:30","modified_gmt":"2025-10-11T23:05:30","slug":"xxvi-cbe-economistas-defendem-novo-projeto-de-desenvolvimento-para-o-brasil","status":"publish","type":"post","link":"https:\/\/cofecon.org.br\/cofecon\/?p=26450","title":{"rendered":"XXVI CBE: Economistas defendem novo projeto de desenvolvimento para o Brasil"},"content":{"rendered":"\n<p><em>Painel de debates destaca papel estrat\u00e9gico do Estado, reindustrializa\u00e7\u00e3o verde e supera\u00e7\u00e3o do neoliberalismo<\/em><\/p>\n\n\n\n<p>O avan\u00e7o da neoindustrializa\u00e7\u00e3o no Brasil exige um Estado capaz de coordenar pol\u00edticas produtivas, tecnol\u00f3gicas e sociais. Este foi o debate ocorrido no painel \u201cO papel do Estado e a neoindustrializa\u00e7\u00e3o\u201d, realizado no XXVI Congresso &nbsp;Brasileiro de Economia. A discuss\u00e3o \u2013 que contou com a participa\u00e7\u00e3o dos economistas Odilon Guedes e Haroldo da Silva, com modera\u00e7\u00e3o de J\u00falio Miragaya \u2013 refor\u00e7ou a urg\u00eancia de um novo modelo de desenvolvimento baseado em inova\u00e7\u00e3o, sustentabilidade e redu\u00e7\u00e3o das desigualdades.<\/p>\n\n\n\n<p>Odilon Guedes refor\u00e7ou a relev\u00e2ncia da interven\u00e7\u00e3o do Estado na economia como ferramenta essencial para combater desigualdades e promover a justi\u00e7a social no Brasil. Ele destaca que pol\u00edticas p\u00fablicas bem estruturadas podem mitigar disparidades econ\u00f4micas e fortalecer o suporte \u00e0s popula\u00e7\u00f5es mais vulner\u00e1veis. Defende tamb\u00e9m o papel ativo do Estado na regula\u00e7\u00e3o econ\u00f4mica e no est\u00edmulo ao desenvolvimento sustent\u00e1vel, enfatizando que investimentos em \u00e1reas como educa\u00e7\u00e3o, sa\u00fade e infraestrutura s\u00e3o fundamentais para alcan\u00e7ar o progresso social.<\/p>\n\n\n\n<p>Odilon, que \u00e9 especialista em Hist\u00f3ria do Brasil e possui vasta experi\u00eancia como professor na \u00e1rea, trouxe fatos sobre desenvolvimento hist\u00f3rico do pa\u00eds, explicando que compreender o papel do Estado exige conhecer a trajet\u00f3ria pol\u00edtica e econ\u00f4mica do Brasil, al\u00e9m de entender como as interven\u00e7\u00f5es estatais moldaram o funcionamento dos \u00f3rg\u00e3os p\u00fablicos e impactaram a sociedade ao longo do tempo.&nbsp;O presidente do Corecon-SP ressaltou a import\u00e2ncia de analisar os desafios para encontrar um equil\u00edbrio entre a interven\u00e7\u00e3o estatal e a autonomia dos mercados, sem que haja controle total por parte do governo.<\/p>\n\n\n\n<p>Haroldo Silva falou sobre a import\u00e2ncia da ind\u00fastria de transforma\u00e7\u00e3o para o crescimento econ\u00f4mico do pa\u00eds, destacando que ela \u00e9 fundamental para a gera\u00e7\u00e3o de empregos e sal\u00e1rios dignos. No entanto, segundo o especialista, o Brasil enfrenta desafios significativos, incluindo a desindustrializa\u00e7\u00e3o, que \u00e9 atribu\u00edda a um ambiente econ\u00f4mico que foi dominado por ideologias neoliberais, desde o in\u00edcio dos anos 1990; e a necessidade urgente de reposicionar sua pol\u00edtica industrial, de forma perene. &#8220;Precisamos de uma nova abordagem que fortale\u00e7a setores estrat\u00e9gicos e que promova a inova\u00e7\u00e3o e o aumento da produtividade&#8221;, diz.<\/p>\n\n\n\n<p>Haroldo ressaltou que, num recorte temporal, enquanto o PIB brasileiro cresceu 53,5%, entre 2003 e 2024, a ind\u00fastria de transforma\u00e7\u00e3o cresceu apenas 9,2%, evidenciando um descolamento preocupante entre esses indicadores. Para reverter essa situa\u00e7\u00e3o, o economista apontou que existem tr\u00eas caminhos para a legitima\u00e7\u00e3o das na\u00e7\u00f5es l\u00edderes: um foco econ\u00f4mico em diversifica\u00e7\u00e3o, um compromisso ambiental com a sustentabilidade e um fortalecimento militar para garantir a seguran\u00e7a geopol\u00edtica. &#8220;A vertente que mais \u00e9 adequada ao Brasil \u00e9 a partir do desenvolvimento industrial verde, aproveitando o potencial ecol\u00f3gico dispon\u00edvel, a partir da economia donut. \u00c9 essencial romper com a &#8216;doxa neoliberal&#8217; e adotar um novo mindset para a reindustrializa\u00e7\u00e3o&#8221;.<\/p>\n\n\n\n<p>Ele tamb\u00e9m apresentou a estrat\u00e9gia nacional de economia circular como uma solu\u00e7\u00e3o para revitalizar a industrializa\u00e7\u00e3o, promovendo a otimiza\u00e7\u00e3o de recursos e a inova\u00e7\u00e3o. Ele alertou para a urg\u00eancia da transforma\u00e7\u00e3o produtiva em resposta \u00e0s mudan\u00e7as clim\u00e1ticas e aos desastres ambientais recentes, especialmente num evento na Cidade de Porto Alegre, marcada pelas enchentes do ano de 2024 e que ainda est\u00e1 se recuperando.\u201d<\/p>\n\n\n\n<p><strong>XXVI Congresso Brasileiro de Economia<\/strong>&nbsp;<\/p>\n\n\n\n<p>O Congresso Brasileiro de Economia ocorreu de 06 a 10 de outubro no Plaza S\u00e3o Rafael Hotel, em Porto Alegre, com o tema \u201cDesenvolvimento Sustent\u00e1vel: Reconstru\u00e7\u00e3o, Desafios e Oportunidades\u201d. O evento reuniu cerca de 50 especialistas e 500 participantes (online e presencial) em torno de grandes temas que impactam o futuro do pa\u00eds, como reforma tribut\u00e1ria, mudan\u00e7as clim\u00e1ticas, com\u00e9rcio internacional, agroneg\u00f3cio, desigualdades regionais, inova\u00e7\u00e3o, economia comportamental, educa\u00e7\u00e3o financeira e o papel do Estado na neoindustrializa\u00e7\u00e3o. A promo\u00e7\u00e3o foi do Cofecon, em parceria com o Corecon\/RS.&nbsp;<\/p>\n\n\n\n<p>O evento contou com o patroc\u00ednio do Banco Nacional de Desenvolvimento Econ\u00f4mico e Social (BNDES), Vero\/Banrisul, Banco Regional de Desenvolvimento do Extremo Sul (BRDE), Monte Bravo Investimentos, Conselhos Regionais de Economia de S\u00e3o Paulo, Mato Grosso do Sul, Pernambuco, Paran\u00e1 e Rio de Janeiro.&nbsp;<\/p>\n","protected":false},"excerpt":{"rendered":"<p>Painel de debates destaca papel estrat\u00e9gico do Estado, reindustrializa\u00e7\u00e3o verde e supera\u00e7\u00e3o do neoliberalismo O avan\u00e7o da neoindustrializa\u00e7\u00e3o no Brasil exige um Estado capaz de coordenar pol\u00edticas produtivas, tecnol\u00f3gicas e sociais. Este foi o debate ocorrido no painel \u201cO papel<\/p>\n<p><a class=\"more-link\" href=\"https:\/\/cofecon.org.br\/cofecon\/?p=26450\">Leia Mais<\/a><\/p>\n","protected":false},"author":3,"featured_media":26486,"comment_status":"closed","ping_status":"closed","sticky":false,"template":"","format":"standard","meta":{"footnotes":""},"categories":[2],"tags":[],"class_list":["post-26450","post","type-post","status-publish","format-standard","has-post-thumbnail","hentry","category-noticias"],"_links":{"self":[{"href":"https:\/\/cofecon.org.br\/cofecon\/index.php?rest_route=\/wp\/v2\/posts\/26450"}],"collection":[{"href":"https:\/\/cofecon.org.br\/cofecon\/index.php?rest_route=\/wp\/v2\/posts"}],"about":[{"href":"https:\/\/cofecon.org.br\/cofecon\/index.php?rest_route=\/wp\/v2\/types\/post"}],"author":[{"embeddable":true,"href":"https:\/\/cofecon.org.br\/cofecon\/index.php?rest_route=\/wp\/v2\/users\/3"}],"replies":[{"embeddable":true,"href":"https:\/\/cofecon.org.br\/cofecon\/index.php?rest_route=%2Fwp%2Fv2%2Fcomments&post=26450"}],"version-history":[{"count":1,"href":"https:\/\/cofecon.org.br\/cofecon\/index.php?rest_route=\/wp\/v2\/posts\/26450\/revisions"}],"predecessor-version":[{"id":26451,"href":"https:\/\/cofecon.org.br\/cofecon\/index.php?rest_route=\/wp\/v2\/posts\/26450\/revisions\/26451"}],"wp:featuredmedia":[{"embeddable":true,"href":"https:\/\/cofecon.org.br\/cofecon\/index.php?rest_route=\/wp\/v2\/media\/26486"}],"wp:attachment":[{"href":"https:\/\/cofecon.org.br\/cofecon\/index.php?rest_route=%2Fwp%2Fv2%2Fmedia&parent=26450"}],"wp:term":[{"taxonomy":"category","embeddable":true,"href":"https:\/\/cofecon.org.br\/cofecon\/index.php?rest_route=%2Fwp%2Fv2%2Fcategories&post=26450"},{"taxonomy":"post_tag","embeddable":true,"href":"https:\/\/cofecon.org.br\/cofecon\/index.php?rest_route=%2Fwp%2Fv2%2Ftags&post=26450"}],"curies":[{"name":"wp","href":"https:\/\/api.w.org\/{rel}","templated":true}]}}