{"id":2645,"date":"2017-08-17T10:59:04","date_gmt":"2017-08-17T13:59:04","guid":{"rendered":"http:\/\/www.cofecon.org.br\/?p=2645"},"modified":"2017-08-17T10:59:04","modified_gmt":"2017-08-17T13:59:04","slug":"desigualdade-social-no-brasil-foi-tema-de-debate-realizado-no-cofecon","status":"publish","type":"post","link":"https:\/\/cofecon.org.br\/cofecon\/?p=2645","title":{"rendered":"Desigualdade Social no Brasil foi tema de debate realizado no Cofecon"},"content":{"rendered":"<p style=\"text-align: justify;\"><img loading=\"lazy\" decoding=\"async\" class=\"size-full wp-image-2646 alignleft\" src=\"http:\/\/cofecon.org.br\/cofecon\/wp-content\/uploads\/2017\/08\/debate-CoreconDF.jpg\" alt=\"\" width=\"350\" height=\"250\" srcset=\"https:\/\/cofecon.org.br\/cofecon\/wp-content\/uploads\/2017\/08\/debate-CoreconDF.jpg 350w, https:\/\/cofecon.org.br\/cofecon\/wp-content\/uploads\/2017\/08\/debate-CoreconDF-300x214.jpg 300w\" sizes=\"(max-width: 350px) 100vw, 350px\" \/>O presidente do Conselho Federal de Economia, J\u00falio Miragaya, e a professora Maria de Lourdes Rollemberg Mollo, da Universidade de Bras\u00edlia (UnB), participaram de debate promovido pelo Conselho Regional de Economia do Distrito Federal (Corecon-DF) sobre Desigualdade Social no Brasil. A a\u00e7\u00e3o faz parte da Semana do Economista, promovida pelo Regional, em comemora\u00e7\u00e3o ao Dia do Economista, celebrado em 13 de agosto. O evento ocorreu na sede do Cofecon, em Bras\u00edlia, na \u00faltima quarta-feira, 16 de agosto, e foi transmitido ao vivo pela p\u00e1gina da autarquia no Facebook. Ao todo, 1.141 pessoas acompanharam o debate pela rede social. O v\u00eddeo est\u00e1 dispon\u00edvel <a href=\"https:\/\/www.facebook.com\/pg\/cofeconeconomia\/videos\/?ref=page_internal\"><strong><u>AQUI<\/u><\/strong><\/a>.<\/p>\n<p style=\"text-align: justify;\">O debate foi mediado pelo presidente do Corecon-DF, M\u00e1rio S\u00e9rgio Sallorenzo. A professora Maria de Lourdes foi a primeira a se apresentar e afirmou que a desigualdade social \u00e9 o principal problema brasileiro e mais recentemente est\u00e1 entre os principais problemas mundiais, e que os economistas debatem pouco o assunto. \u201c\u00c9 uma situa\u00e7\u00e3o extremamente dif\u00edcil acabar com a desigualdade na situa\u00e7\u00e3o em que o Brasil e o mundo se encontram. Fiquei muito feliz em saber que o Cofecon est\u00e1 encabe\u00e7ando uma campanha em um momento muito desfavor\u00e1vel, mas extremamente importante de ser tocado\u201d, afirmou a professora referindo-se \u00e0 Campanha pela Redu\u00e7\u00e3o da Desigualdade Social no Brasil, uma iniciativa do Cofecon que j\u00e1 conta com o apoio de 30 entidades.<\/p>\n<p style=\"text-align: justify;\"><img loading=\"lazy\" decoding=\"async\" class=\"size-full wp-image-2647 alignleft\" src=\"http:\/\/cofecon.org.br\/cofecon\/wp-content\/uploads\/2017\/08\/maria_mollo.jpg\" alt=\"\" width=\"350\" height=\"250\" srcset=\"https:\/\/cofecon.org.br\/cofecon\/wp-content\/uploads\/2017\/08\/maria_mollo.jpg 350w, https:\/\/cofecon.org.br\/cofecon\/wp-content\/uploads\/2017\/08\/maria_mollo-300x214.jpg 300w\" sizes=\"(max-width: 350px) 100vw, 350px\" \/>Maria de Lourdes Mollo afirmou que o imposto indireto n\u00e3o \u00e9 capaz de reduzir a desigualdade. \u201c\u00c9 preciso cobrar dividendos e tornar a al\u00edquota do imposto de renda muito mais progressiva do que ela \u00e9, e \u00e9 exatamente isso que os jornais e as pessoas n\u00e3o falam. Essa campanha tem import\u00e2ncia enorme porque vai dizer exatamente o que precisa ser discutido\u201d, defendeu a professora. Ela destacou o eixo central da Campanha pela Redu\u00e7\u00e3o da Desigualdade Social no Brasil, que prop\u00f5e mudar o modelo tribut\u00e1rio brasileiro, reduzindo a tributa\u00e7\u00e3o sobre o consumo e a produ\u00e7\u00e3o e aumentando sobre a renda e a riqueza.<\/p>\n<p style=\"text-align: justify;\">Em sua fala, J\u00falio Miragaya tamb\u00e9m observou que os economistas debatem pouco o assunto, mas disse acreditar que a sociedade est\u00e1 interessada na discuss\u00e3o. Ele destacou que 320 pessoas participaram do ato de lan\u00e7amento da Campanha, realizado na C\u00e2mara dos Deputados, no dia 11 de maio. \u201cUm ter\u00e7o dos participantes eram da CONTAG (Confedera\u00e7\u00e3o Nacional dos Trabalhadores na Agricultura) e MST (Movimento dos Trabalhadores Sem Terra), ent\u00e3o essa turma est\u00e1 interessada em discutir desigualdade. Ela tem todo o interesse e vai depender muito da nossa capacidade levar essas informa\u00e7\u00f5es para esse pessoal que est\u00e1 na base da pir\u00e2mide e que s\u00e3o as principais v\u00edtimas dessa extrema desigualdade que temos\u201d, observou Miragaya.<\/p>\n<p style=\"text-align: justify;\">O presidente do Cofecon destacou dados divulgados pelo IPEA e PNUD que mostrou a redu\u00e7\u00e3o que tivemos em 2015 nessa quest\u00e3o da distribui\u00e7\u00e3o da renda. \u201cIsso \u00e9 fruto da recess\u00e3o, mas n\u00e3o somente isso. J\u00e1 no governo Dilma come\u00e7amos um processo de retirada de direitos e que foi intensificado por Temer. O resultado foi que 4,1 milh\u00f5es de pessoas retornaram \u00e0 faixa da pobreza, sendo mais de 1 milh\u00e3o regressando \u00e0 extrema pobreza. Claro que esse n\u00famero aumenta em 2016 e mais ainda este ano, \u00e9 s\u00f3 esperar os relat\u00f3rios\u201d, lamentou Miragaya.<\/p>\n<p style=\"text-align: justify;\">Na oportunidade, foi lan\u00e7ado o F\u00f3rum local da Campanha, que ser\u00e1 coordenado pela vice-presidente do Corecon-DF, M\u00f4nica Beraldo, a fim de reunir entidades do Distrito Federal interessadas em realizar a\u00e7\u00f5es para difundir essa iniciativa.<\/p>\n","protected":false},"excerpt":{"rendered":"<p>O presidente do Conselho Federal de Economia, J\u00falio Miragaya, e a professora Maria de Lourdes Rollemberg Mollo, da Universidade de Bras\u00edlia (UnB), participaram de debate promovido pelo Conselho Regional de Economia do Distrito Federal (Corecon-DF) sobre Desigualdade Social no Brasil.<\/p>\n<p><a class=\"more-link\" href=\"https:\/\/cofecon.org.br\/cofecon\/?p=2645\">Leia Mais<\/a><\/p>\n","protected":false},"author":1,"featured_media":2647,"comment_status":"open","ping_status":"open","sticky":false,"template":"","format":"standard","meta":{"footnotes":""},"categories":[2],"tags":[],"class_list":["post-2645","post","type-post","status-publish","format-standard","has-post-thumbnail","hentry","category-noticias"],"_links":{"self":[{"href":"https:\/\/cofecon.org.br\/cofecon\/index.php?rest_route=\/wp\/v2\/posts\/2645"}],"collection":[{"href":"https:\/\/cofecon.org.br\/cofecon\/index.php?rest_route=\/wp\/v2\/posts"}],"about":[{"href":"https:\/\/cofecon.org.br\/cofecon\/index.php?rest_route=\/wp\/v2\/types\/post"}],"author":[{"embeddable":true,"href":"https:\/\/cofecon.org.br\/cofecon\/index.php?rest_route=\/wp\/v2\/users\/1"}],"replies":[{"embeddable":true,"href":"https:\/\/cofecon.org.br\/cofecon\/index.php?rest_route=%2Fwp%2Fv2%2Fcomments&post=2645"}],"version-history":[{"count":0,"href":"https:\/\/cofecon.org.br\/cofecon\/index.php?rest_route=\/wp\/v2\/posts\/2645\/revisions"}],"wp:featuredmedia":[{"embeddable":true,"href":"https:\/\/cofecon.org.br\/cofecon\/index.php?rest_route=\/wp\/v2\/media\/2647"}],"wp:attachment":[{"href":"https:\/\/cofecon.org.br\/cofecon\/index.php?rest_route=%2Fwp%2Fv2%2Fmedia&parent=2645"}],"wp:term":[{"taxonomy":"category","embeddable":true,"href":"https:\/\/cofecon.org.br\/cofecon\/index.php?rest_route=%2Fwp%2Fv2%2Fcategories&post=2645"},{"taxonomy":"post_tag","embeddable":true,"href":"https:\/\/cofecon.org.br\/cofecon\/index.php?rest_route=%2Fwp%2Fv2%2Ftags&post=2645"}],"curies":[{"name":"wp","href":"https:\/\/api.w.org\/{rel}","templated":true}]}}