{"id":26437,"date":"2025-10-11T14:56:04","date_gmt":"2025-10-11T17:56:04","guid":{"rendered":"https:\/\/cofecon.org.br\/cofecon\/?p=26437"},"modified":"2025-10-11T15:28:32","modified_gmt":"2025-10-11T18:28:32","slug":"xxvi-cbe-painel-sobre-economia-da-saude-teve-participacao-internacional","status":"publish","type":"post","link":"https:\/\/cofecon.org.br\/cofecon\/?p=26437","title":{"rendered":"XXVI CBE: Painel sobre economia da sa\u00fade teve participa\u00e7\u00e3o internacional"},"content":{"rendered":"\n<p><em>Debate destacou o papel estrat\u00e9gico do setor para o desenvolvimento e a produtividade do Brasil<\/em><\/p>\n\n\n\n<p>O painel \u201cEconomia da Sa\u00fade\u201d reuniu especialistas do Brasil e do exterior para discutir os desafios de financiamento, gest\u00e3o e efici\u00eancia no setor de sa\u00fade. Com a participa\u00e7\u00e3o da palestrante internacional C\u00e9u Mateus, professora da Universidade de Lancaster (Reino Unido), ao lado de Everton Nunes da Silva (UnB) e Ricardo Englert (Santa Casa de Miseric\u00f3rdia), o debate destacou como a sa\u00fade, respons\u00e1vel por cerca de 10% do PIB brasileiro, influencia diretamente a produtividade, o bem-estar social e o desenvolvimento econ\u00f4mico do pa\u00eds.<\/p>\n\n\n\n<p>O moderador da mesa, Gi\u00e1como Balbinotto, comentou que o Congresso Brasileiro de Economia trouxe, pela primeira vez, um painel exclusivo sobre economia da sa\u00fade, abordando temas de grande relev\u00e2ncia para o setor. Durante o debate foi destacada a import\u00e2ncia da economia da sa\u00fade tanto para o Sistema \u00danico de Sa\u00fade (SUS) quanto para o sistema privado, al\u00e9m de discutir a forma\u00e7\u00e3o de economistas especializados e as pesquisas realizadas no Brasil e no mundo nessa \u00e1rea. \u201cCom palestrantes de alt\u00edssimo n\u00edvel, todos com doutorado, e uma abordagem abrangente e pr\u00e1tica, o evento foi considerado um grande sucesso pelos participantes, oferecendo uma vis\u00e3o ampla sobre o papel estrat\u00e9gico da economia da sa\u00fade no pa\u00eds\u201d.\u202f&nbsp;<\/p>\n\n\n\n<p>Ricardo Englert, CFO da Santa Casa, falou do papel do economista na administra\u00e7\u00e3o hospitalar, compartilhando sua experi\u00eancia como administrador de um grande hospital. Ele ressaltou os desafios de gerenciar um hospital de grande porte, comparando-o a uma ind\u00fastria que precisa constantemente avaliar resultados e otimizar recursos. &#8220;Eu procurei mostrar\u202fo quanto tem espa\u00e7o para um economista desenvolver a sua profiss\u00e3o l\u00e1 dentro&#8221;, afirmou.\u202f&nbsp;\u202f\u202f&nbsp;<\/p>\n\n\n\n<p>O palestrante enfatizou a import\u00e2ncia de equilibrar as necessidades ilimitadas com os recursos escassos, uma realidade enfrentada diariamente no setor hospitalar. &#8220;Como \u00e9 que a gente pode fazer a melhor assist\u00eancia com menor custo? &#8221; Essa vis\u00e3o refor\u00e7a o papel estrat\u00e9gico da gest\u00e3o eficiente para garantir uma assist\u00eancia de qualidade a um maior n\u00famero de pessoas\u201d.\u202f&nbsp;<\/p>\n\n\n\n<p>Para Everton Nunes, este \u00e9 um setor que possui um campo amplo. \u201cA\u202fcomplexidade do setor acaba tamb\u00e9m gerando uma ampla gama de investiga\u00e7\u00f5es, de m\u00e9todos que voc\u00ea pode aplicar. A sa\u00fade representa torno\u202fde 10% do PIB, ent\u00e3o \u00e9 um setor bastante relevante\u201d, afirmou.<\/p>\n\n\n\n<p>A palestrante portuguesa C\u00e9u Mateus destacou a import\u00e2ncia de inspirar estudantes de economia a se dedicarem \u00e0 \u00e1rea da economia da sa\u00fade. Segundo ela, a sa\u00fade \u00e9 um aspecto essencial que afeta a todos e desempenha um papel crucial no crescimento de um pa\u00eds. \u202f&nbsp;<\/p>\n\n\n\n<p>C\u00e9u enfatizou que, para alcan\u00e7ar avan\u00e7os como maior produtividade, inova\u00e7\u00e3o e reconhecimento global, \u00e9 indispens\u00e1vel investir na sa\u00fade da popula\u00e7\u00e3o, com\u202faten\u00e7\u00e3o especial \u00e0 educa\u00e7\u00e3o e ao bem-estar de meninas e mulheres, que t\u00eam um papel fundamental na transmiss\u00e3o de sa\u00fade para as futuras gera\u00e7\u00f5es.\u202f&nbsp;\u201cFala-se muito da necessidade de crescimento, de voc\u00ea precisar ter mais produtividade, de inova\u00e7\u00e3o e de ser uma refer\u00eancia no mundo em muitas \u00e1reas, mas isso nunca se consegue com uma popula\u00e7\u00e3o doente. Por isso, a necessidade de mostrarmos o todo o potencial e a necessidade de investir em sa\u00fade\u201d, disse a economista.\u202f<\/p>\n\n\n\n<p>\u202f&nbsp;<\/p>\n\n\n\n<p><strong>XXVI Congresso Brasileiro de Economia<\/strong>&nbsp;<\/p>\n\n\n\n<p>O Congresso Brasileiro de Economia ocorreu de 06 a 10 de outubro no Plaza S\u00e3o Rafael Hotel, em Porto Alegre, com o tema \u201cDesenvolvimento Sustent\u00e1vel: Reconstru\u00e7\u00e3o, Desafios e Oportunidades\u201d. O evento reuniu cerca de 50 especialistas e 500 participantes (online e presencial) em torno de grandes temas que impactam o futuro do pa\u00eds, como reforma tribut\u00e1ria, mudan\u00e7as clim\u00e1ticas, com\u00e9rcio internacional, agroneg\u00f3cio, desigualdades regionais, inova\u00e7\u00e3o, economia comportamental, educa\u00e7\u00e3o financeira e o papel do Estado na neoindustrializa\u00e7\u00e3o. A promo\u00e7\u00e3o foi do Cofecon, em parceria com o Corecon\/RS.&nbsp;<\/p>\n\n\n\n<p>O evento contou com o patroc\u00ednio do Banco Nacional de Desenvolvimento Econ\u00f4mico e Social (BNDES), Vero\/Banrisul, Banco Regional de Desenvolvimento do Extremo Sul (BRDE), Monte Bravo Investimentos, Conselhos Regionais de Economia de S\u00e3o Paulo, Mato Grosso do Sul, Pernambuco, Paran\u00e1 e Rio de Janeiro.&nbsp;<\/p>\n","protected":false},"excerpt":{"rendered":"<p>Debate destacou o papel estrat\u00e9gico do setor para o desenvolvimento e a produtividade do Brasil O painel \u201cEconomia da Sa\u00fade\u201d reuniu especialistas do Brasil e do exterior para discutir os desafios de financiamento, gest\u00e3o e efici\u00eancia no setor de sa\u00fade.<\/p>\n<p><a class=\"more-link\" href=\"https:\/\/cofecon.org.br\/cofecon\/?p=26437\">Leia Mais<\/a><\/p>\n","protected":false},"author":3,"featured_media":26445,"comment_status":"closed","ping_status":"closed","sticky":false,"template":"","format":"standard","meta":{"footnotes":""},"categories":[2],"tags":[],"class_list":["post-26437","post","type-post","status-publish","format-standard","has-post-thumbnail","hentry","category-noticias"],"_links":{"self":[{"href":"https:\/\/cofecon.org.br\/cofecon\/index.php?rest_route=\/wp\/v2\/posts\/26437"}],"collection":[{"href":"https:\/\/cofecon.org.br\/cofecon\/index.php?rest_route=\/wp\/v2\/posts"}],"about":[{"href":"https:\/\/cofecon.org.br\/cofecon\/index.php?rest_route=\/wp\/v2\/types\/post"}],"author":[{"embeddable":true,"href":"https:\/\/cofecon.org.br\/cofecon\/index.php?rest_route=\/wp\/v2\/users\/3"}],"replies":[{"embeddable":true,"href":"https:\/\/cofecon.org.br\/cofecon\/index.php?rest_route=%2Fwp%2Fv2%2Fcomments&post=26437"}],"version-history":[{"count":1,"href":"https:\/\/cofecon.org.br\/cofecon\/index.php?rest_route=\/wp\/v2\/posts\/26437\/revisions"}],"predecessor-version":[{"id":26438,"href":"https:\/\/cofecon.org.br\/cofecon\/index.php?rest_route=\/wp\/v2\/posts\/26437\/revisions\/26438"}],"wp:featuredmedia":[{"embeddable":true,"href":"https:\/\/cofecon.org.br\/cofecon\/index.php?rest_route=\/wp\/v2\/media\/26445"}],"wp:attachment":[{"href":"https:\/\/cofecon.org.br\/cofecon\/index.php?rest_route=%2Fwp%2Fv2%2Fmedia&parent=26437"}],"wp:term":[{"taxonomy":"category","embeddable":true,"href":"https:\/\/cofecon.org.br\/cofecon\/index.php?rest_route=%2Fwp%2Fv2%2Fcategories&post=26437"},{"taxonomy":"post_tag","embeddable":true,"href":"https:\/\/cofecon.org.br\/cofecon\/index.php?rest_route=%2Fwp%2Fv2%2Ftags&post=26437"}],"curies":[{"name":"wp","href":"https:\/\/api.w.org\/{rel}","templated":true}]}}