{"id":26435,"date":"2025-10-11T14:55:31","date_gmt":"2025-10-11T17:55:31","guid":{"rendered":"https:\/\/cofecon.org.br\/cofecon\/?p=26435"},"modified":"2025-10-11T15:28:32","modified_gmt":"2025-10-11T18:28:32","slug":"xxvi-cbe-estabilidade-macroeconomica-e-crescimento","status":"publish","type":"post","link":"https:\/\/cofecon.org.br\/cofecon\/?p=26435","title":{"rendered":"XXVI CBE: Estabilidade macroecon\u00f4mica e crescimento"},"content":{"rendered":"\n<p><em>No painel Pol\u00edtica de Estabiliza\u00e7\u00e3o, Samuel Pess\u00f4a defende reformas estruturais e equil\u00edbrio fiscal para superar a armadilha da renda m\u00e9dia<\/em><\/p>\n\n\n\n<p>A estabiliza\u00e7\u00e3o macroecon\u00f4mica voltou ao centro do debate no XXVI Congresso Brasileiro de Economia durante o painel \u201cPol\u00edtica de Estabiliza\u00e7\u00e3o\u201d, conduzido pelo economista Samuel Pess\u00f4a, pesquisador do Ibre-FGV. A discuss\u00e3o examinou os entraves que ainda impedem o crescimento sustentado do Brasil e as pol\u00edticas necess\u00e1rias para construir um ambiente econ\u00f4mico est\u00e1vel, previs\u00edvel e prop\u00edcio ao investimento produtivo.<\/p>\n\n\n\n<p>Pess\u00f4a destacou a necessidade de aprender com a experi\u00eancia internacional.&#8221;Estamos devendo esse crescimento h\u00e1 d\u00e9cadas. \u00c9 fundamental entender como garantir essa estabiliza\u00e7\u00e3o macroecon\u00f4mica, que \u00e9 crucial para o desenvolvimento da economia e para a previsibilidade necess\u00e1ria aos investimentos&#8221;, afirmou o moderador do painel, Oscar Frank Junior.<\/p>\n\n\n\n<p>Entre os pontos abordados, destacou-se a urg\u00eancia de rediscutir o arcabou\u00e7o fiscal e reavaliar regimes tribut\u00e1rios especiais, como o Simples Nacional, que, apesar de simplificarem processos, t\u00eam sido usados como ferramentas de elis\u00e3o fiscal. &#8220;Esses regimes devem ser justos e n\u00e3o se tornarem instrumentos de desigualdade tribut\u00e1ria&#8221;, afirmou Samuel.\u202f&nbsp;<\/p>\n\n\n\n<p>\u202fO palestrante tamb\u00e9m citou a necessidade de manter o valor real dos sal\u00e1rios e ajustar indexadores de sa\u00fade e educa\u00e7\u00e3o. Al\u00e9m disso, comentou sobre a aloca\u00e7\u00e3o entre capital e trabalho, apontando que essa desarmonia compromete o desenvolvimento econ\u00f4mico.\u202f&nbsp;Outro destaque foi a reflex\u00e3o sobre a chamada &#8220;armadilha da renda m\u00e9dia&#8221;, que impede o avan\u00e7o econ\u00f4mico pleno. Para ele, enfrentar esses desafios exige coragem pol\u00edtica e reformas estruturais que promovam equil\u00edbrio fiscal e justi\u00e7a social. &#8220;Somente assim poderemos construir um Brasil mais pr\u00f3spero e equitativo&#8221;, concluiu.\u202f&nbsp;<\/p>\n\n\n\n<p><strong>XXVI Congresso Brasileiro de Economia<\/strong>&nbsp;<\/p>\n\n\n\n<p>O Congresso Brasileiro de Economia ocorreu de 06 a 10 de outubro no Plaza S\u00e3o Rafael Hotel, em Porto Alegre, com o tema \u201cDesenvolvimento Sustent\u00e1vel: Reconstru\u00e7\u00e3o, Desafios e Oportunidades\u201d. O evento reuniu cerca de 50 especialistas e 500 participantes (online e presencial) em torno de grandes temas que impactam o futuro do pa\u00eds, como reforma tribut\u00e1ria, mudan\u00e7as clim\u00e1ticas, com\u00e9rcio internacional, agroneg\u00f3cio, desigualdades regionais, inova\u00e7\u00e3o, economia comportamental, educa\u00e7\u00e3o financeira e o papel do Estado na neoindustrializa\u00e7\u00e3o. A promo\u00e7\u00e3o foi do Cofecon, em parceria com o Corecon\/RS.&nbsp;<\/p>\n\n\n\n<p>O evento contou com o patroc\u00ednio do Banco Nacional de Desenvolvimento Econ\u00f4mico e Social (BNDES), Vero\/Banrisul, Banco Regional de Desenvolvimento do Extremo Sul (BRDE), Monte Bravo Investimentos, Conselhos Regionais de Economia de S\u00e3o Paulo, Mato Grosso do Sul, Pernambuco, Paran\u00e1 e Rio de Janeiro.&nbsp;<\/p>\n","protected":false},"excerpt":{"rendered":"<p>No painel Pol\u00edtica de Estabiliza\u00e7\u00e3o, Samuel Pess\u00f4a defende reformas estruturais e equil\u00edbrio fiscal para superar a armadilha da renda m\u00e9dia A estabiliza\u00e7\u00e3o macroecon\u00f4mica voltou ao centro do debate no XXVI Congresso Brasileiro de Economia durante o painel \u201cPol\u00edtica de Estabiliza\u00e7\u00e3o\u201d,<\/p>\n<p><a class=\"more-link\" href=\"https:\/\/cofecon.org.br\/cofecon\/?p=26435\">Leia Mais<\/a><\/p>\n","protected":false},"author":3,"featured_media":26444,"comment_status":"closed","ping_status":"closed","sticky":false,"template":"","format":"standard","meta":{"footnotes":""},"categories":[2],"tags":[],"class_list":["post-26435","post","type-post","status-publish","format-standard","has-post-thumbnail","hentry","category-noticias"],"_links":{"self":[{"href":"https:\/\/cofecon.org.br\/cofecon\/index.php?rest_route=\/wp\/v2\/posts\/26435"}],"collection":[{"href":"https:\/\/cofecon.org.br\/cofecon\/index.php?rest_route=\/wp\/v2\/posts"}],"about":[{"href":"https:\/\/cofecon.org.br\/cofecon\/index.php?rest_route=\/wp\/v2\/types\/post"}],"author":[{"embeddable":true,"href":"https:\/\/cofecon.org.br\/cofecon\/index.php?rest_route=\/wp\/v2\/users\/3"}],"replies":[{"embeddable":true,"href":"https:\/\/cofecon.org.br\/cofecon\/index.php?rest_route=%2Fwp%2Fv2%2Fcomments&post=26435"}],"version-history":[{"count":1,"href":"https:\/\/cofecon.org.br\/cofecon\/index.php?rest_route=\/wp\/v2\/posts\/26435\/revisions"}],"predecessor-version":[{"id":26436,"href":"https:\/\/cofecon.org.br\/cofecon\/index.php?rest_route=\/wp\/v2\/posts\/26435\/revisions\/26436"}],"wp:featuredmedia":[{"embeddable":true,"href":"https:\/\/cofecon.org.br\/cofecon\/index.php?rest_route=\/wp\/v2\/media\/26444"}],"wp:attachment":[{"href":"https:\/\/cofecon.org.br\/cofecon\/index.php?rest_route=%2Fwp%2Fv2%2Fmedia&parent=26435"}],"wp:term":[{"taxonomy":"category","embeddable":true,"href":"https:\/\/cofecon.org.br\/cofecon\/index.php?rest_route=%2Fwp%2Fv2%2Fcategories&post=26435"},{"taxonomy":"post_tag","embeddable":true,"href":"https:\/\/cofecon.org.br\/cofecon\/index.php?rest_route=%2Fwp%2Fv2%2Ftags&post=26435"}],"curies":[{"name":"wp","href":"https:\/\/api.w.org\/{rel}","templated":true}]}}