{"id":26433,"date":"2025-10-11T14:54:49","date_gmt":"2025-10-11T17:54:49","guid":{"rendered":"https:\/\/cofecon.org.br\/cofecon\/?p=26433"},"modified":"2025-10-11T15:28:33","modified_gmt":"2025-10-11T18:28:33","slug":"xxvi-cbe-o-comportamento-e-a-tomada-de-decisao-economica","status":"publish","type":"post","link":"https:\/\/cofecon.org.br\/cofecon\/?p=26433","title":{"rendered":"XXVI CBE: O comportamento e a tomada de decis\u00e3o econ\u00f4mica"},"content":{"rendered":"\n<p><em>Especialistas em psicologia e economia comportamental discutem limites da racionalidade e impactos nas pol\u00edticas p\u00fablicas e finan\u00e7as no XXVI Congresso Brasileiro de Economia<\/em><\/p>\n\n\n\n<p>Um dos debates mais provocadores do XXVI Congresso Brasileiro de Economia foi o painel Economia Comportamental\u201d, que colocou em evid\u00eancia um tema cada vez mais central para a compreens\u00e3o da din\u00e2mica econ\u00f4mica: o comportamento humano. Participaram da mesa a psic\u00f3loga econ\u00f4mica Vera Rita Ferreira, o professor Fernando Nogueira da Costa e a economista Fl\u00e1via \u00c1vila. Em comum, os palestrantes defenderam que modelos econ\u00f4micos sem conex\u00e3o com a realidade psicol\u00f3gica e social das pessoas deixam de explicar o mundo como ele \u00e9 \u2013 e, por isso, pol\u00edticas p\u00fablicas e estrat\u00e9gias financeiras precisam incorporar o conhecimento comportamental para gerar resultados concretos.<\/p>\n\n\n\n<p>Vera brincou que veio para tentar \u201cconverter\u201d os colegas economistas, j\u00e1 que ela \u00e9 uma \u201cinfiltrada\u201d no evento. \u201cEu sou psic\u00f3loga econ\u00f4mica, ent\u00e3o vou trazer um pouco o olhar da psicologia econ\u00f4mica para as quest\u00f5es de desenvolvimento sustent\u00e1vel, que n\u00e3o \u00e9 a mesma coisa que crescimento, e v\u00e1rias ciladas psicol\u00f3gicas que podem atrapalhar esse processo\u201d, diz.\u202f&nbsp;<\/p>\n\n\n\n<p>Ela falou sobre a compreens\u00e3o do funcionamento mental; a relev\u00e2ncia da psicologia econ\u00f4mica e das ci\u00eancias comportamentais no enfrentamento dos desafios desse desenvolvimento sustent\u00e1vel; e a necessidade de um esfor\u00e7o coletivo, que Vera chama de\u202f&#8221;quinteto fant\u00e1stico&#8221;, composto por 1) psicologia econ\u00f4mica, 2) ci\u00eancias comportamentais, 3) economia comportamental, 4) pol\u00edticas p\u00fablicas e 5)\u202fregula\u00e7\u00e3o. \u202f&nbsp;<\/p>\n\n\n\n<p>Vera destaca que essas \u00e1reas devem trabalhar juntas para embasar a\u00e7\u00f5es como a arquitetura de escolha, a prote\u00e7\u00e3o do consumidor e a educa\u00e7\u00e3o econ\u00f4mica e financeira, resultando num equil\u00edbrio entre o\u202fentre crescimento econ\u00f4mico e a responsabilidade social.\u202f&nbsp;<\/p>\n\n\n\n<p>Fl\u00e1via falou sobre economia comportamental e destacou um ponto crucial que afeta tanto indiv\u00edduos quanto organiza\u00e7\u00f5es: o descompasso entre inten\u00e7\u00e3o e a\u00e7\u00e3o. Segundo ela, muitas pessoas t\u00eam o desejo de agir de determinada forma, mas, no momento de colocar seus planos em pr\u00e1tica, acabam n\u00e3o concretizando suas inten\u00e7\u00f5es. Esse &#8220;gap&#8221; entre o querer e o fazer \u00e9 considerado alarmante.\u202f&nbsp;<\/p>\n\n\n\n<p>\u202fA especialista explicou que, se apenas o acesso \u00e0 informa\u00e7\u00e3o fosse suficiente para gerar a\u00e7\u00e3o, &#8220;todos n\u00f3s ser\u00edamos maratonistas, milion\u00e1rios e extremamente bem-sucedidos&#8221;. Contudo, a realidade mostra que o conhecimento por si s\u00f3 n\u00e3o \u00e9 capaz de superar certos desvios sistem\u00e1ticos que influenciam o comportamento humano.\u202f&nbsp;<\/p>\n\n\n\n<p>Fl\u00e1via ainda mencionou o conceito de &#8220;arquitetura de escolha&#8221;, que consiste em criar ambientes que incentivem mudan\u00e7as positivas no comportamento das pessoas. Ela refor\u00e7ou que as decis\u00f5es nem sempre s\u00e3o tomadas com base na racionalidade e que \u00e9 necess\u00e1rio considerar os fatores que influenciam o processo decis\u00f3rio.\u202f&nbsp;<\/p>\n\n\n\n<p>Fernando Nogueira destacou a import\u00e2ncia de adaptar os conceitos da \u00e1rea de economia comportamental\u202f\u00e0 realidade brasileira, \u201cem vez de reproduzir ideias estrangeiras\u201d. Segundo ele, n\u00e3o considerar as especificidades locais, pode levar a decis\u00f5es pouco pr\u00e1ticas. \u202f&nbsp;<\/p>\n\n\n\n<p>O palestrante enfatizou que a maior parte da riqueza no Brasil est\u00e1 na classe m\u00e9dia e nos pequenos investidores, e n\u00e3o apenas nos clientes de alta renda dos bancos privados. Ele apontou mudan\u00e7as recentes no comportamento financeiro dessas pessoas, como a migra\u00e7\u00e3o da poupan\u00e7a para investimentos como CDBs e renda fixa. \u202f&nbsp;<\/p>\n\n\n\n<p>Para ele,\u202f\u00e9 preciso ensinar educa\u00e7\u00e3o financeira n\u00e3o s\u00f3 ao p\u00fablico, mas tamb\u00e9m aos pr\u00f3prios economistas, para que estudem e adaptem suas an\u00e1lises ao contexto brasileiro. \u201cDecis\u00f5es financeiras devem ser baseadas em dados concretos e na realidade do Brasil, promovendo pr\u00e1ticas mais eficazes e seguras para todos os envolvidos\u201d, diz.\u202f&nbsp;<\/p>\n\n\n\n<p>\u202f&nbsp;<\/p>\n\n\n\n<p><strong>XXVI Congresso Brasileiro de Economia<\/strong>&nbsp;<\/p>\n\n\n\n<p>O Congresso Brasileiro de Economia ocorreu de 06 a 10 de outubro no Plaza S\u00e3o Rafael Hotel, em Porto Alegre, com o tema \u201cDesenvolvimento Sustent\u00e1vel: Reconstru\u00e7\u00e3o, Desafios e Oportunidades\u201d. O evento reuniu cerca de 50 especialistas e 500 participantes (online e presencial) em torno de grandes temas que impactam o futuro do pa\u00eds, como reforma tribut\u00e1ria, mudan\u00e7as clim\u00e1ticas, com\u00e9rcio internacional, agroneg\u00f3cio, desigualdades regionais, inova\u00e7\u00e3o, economia comportamental, educa\u00e7\u00e3o financeira e o papel do Estado na neoindustrializa\u00e7\u00e3o. A promo\u00e7\u00e3o foi do Cofecon, em parceria com o Corecon\/RS.&nbsp;<\/p>\n\n\n\n<p>O evento contou com o patroc\u00ednio do Banco Nacional de Desenvolvimento Econ\u00f4mico e Social (BNDES), Vero\/Banrisul, Banco Regional de Desenvolvimento do Extremo Sul (BRDE), Monte Bravo Investimentos, Conselhos Regionais de Economia de S\u00e3o Paulo, Mato Grosso do Sul, Pernambuco, Paran\u00e1 e Rio de Janeiro.&nbsp;<\/p>\n","protected":false},"excerpt":{"rendered":"<p>Especialistas em psicologia e economia comportamental discutem limites da racionalidade e impactos nas pol\u00edticas p\u00fablicas e finan\u00e7as no XXVI Congresso Brasileiro de Economia Um dos debates mais provocadores do XXVI Congresso Brasileiro de Economia foi o painel Economia Comportamental\u201d, que<\/p>\n<p><a class=\"more-link\" href=\"https:\/\/cofecon.org.br\/cofecon\/?p=26433\">Leia Mais<\/a><\/p>\n","protected":false},"author":3,"featured_media":26443,"comment_status":"closed","ping_status":"closed","sticky":false,"template":"","format":"standard","meta":{"footnotes":""},"categories":[2],"tags":[],"class_list":["post-26433","post","type-post","status-publish","format-standard","has-post-thumbnail","hentry","category-noticias"],"_links":{"self":[{"href":"https:\/\/cofecon.org.br\/cofecon\/index.php?rest_route=\/wp\/v2\/posts\/26433"}],"collection":[{"href":"https:\/\/cofecon.org.br\/cofecon\/index.php?rest_route=\/wp\/v2\/posts"}],"about":[{"href":"https:\/\/cofecon.org.br\/cofecon\/index.php?rest_route=\/wp\/v2\/types\/post"}],"author":[{"embeddable":true,"href":"https:\/\/cofecon.org.br\/cofecon\/index.php?rest_route=\/wp\/v2\/users\/3"}],"replies":[{"embeddable":true,"href":"https:\/\/cofecon.org.br\/cofecon\/index.php?rest_route=%2Fwp%2Fv2%2Fcomments&post=26433"}],"version-history":[{"count":1,"href":"https:\/\/cofecon.org.br\/cofecon\/index.php?rest_route=\/wp\/v2\/posts\/26433\/revisions"}],"predecessor-version":[{"id":26434,"href":"https:\/\/cofecon.org.br\/cofecon\/index.php?rest_route=\/wp\/v2\/posts\/26433\/revisions\/26434"}],"wp:featuredmedia":[{"embeddable":true,"href":"https:\/\/cofecon.org.br\/cofecon\/index.php?rest_route=\/wp\/v2\/media\/26443"}],"wp:attachment":[{"href":"https:\/\/cofecon.org.br\/cofecon\/index.php?rest_route=%2Fwp%2Fv2%2Fmedia&parent=26433"}],"wp:term":[{"taxonomy":"category","embeddable":true,"href":"https:\/\/cofecon.org.br\/cofecon\/index.php?rest_route=%2Fwp%2Fv2%2Fcategories&post=26433"},{"taxonomy":"post_tag","embeddable":true,"href":"https:\/\/cofecon.org.br\/cofecon\/index.php?rest_route=%2Fwp%2Fv2%2Ftags&post=26433"}],"curies":[{"name":"wp","href":"https:\/\/api.w.org\/{rel}","templated":true}]}}