{"id":26431,"date":"2025-10-11T14:54:03","date_gmt":"2025-10-11T17:54:03","guid":{"rendered":"https:\/\/cofecon.org.br\/cofecon\/?p=26431"},"modified":"2025-10-11T15:28:36","modified_gmt":"2025-10-11T18:28:36","slug":"xxvi-cbe-desafios-do-mercado-financeiro-brasileiro","status":"publish","type":"post","link":"https:\/\/cofecon.org.br\/cofecon\/?p=26431","title":{"rendered":"XXVI CBE: Desafios do mercado financeiro brasileiro"},"content":{"rendered":"\n<p><em>Painel do XXVI Congresso Brasileiro de Economia discute impacto da intelig\u00eancia artificial nas finan\u00e7as e o avan\u00e7o do endividamento das fam\u00edlias no pa\u00eds<\/em><\/p>\n\n\n\n<p>Em um cen\u00e1rio econ\u00f4mico marcado por incertezas globais, transforma\u00e7\u00e3o tecnol\u00f3gica acelerada e aumento do endividamento das fam\u00edlias, compreender as din\u00e2micas do mercado financeiro tornou-se essencial. O painel \u201cMercado Financeiro\u201d contou com a presen\u00e7a dos economistas Andr\u00e9 Perfeito e Edval Landulfo e as apresenta\u00e7\u00f5es abordaram desde o uso crescente da intelig\u00eancia artificial nas an\u00e1lises financeiras at\u00e9 a preocupante escalada do endividamento das fam\u00edlias brasileiras, revelando dois vetores decisivos para o futuro das finan\u00e7as no pa\u00eds: a inova\u00e7\u00e3o tecnol\u00f3gica e a educa\u00e7\u00e3o econ\u00f4mica.\u202f&nbsp;<\/p>\n\n\n\n<p>Perfeito abriu as apresenta\u00e7\u00f5es falando do uso da IA no mercado financeiro, \u00e1rea onde atua, na consultoria econ\u00f4mica e at\u00e9 mesmo na gest\u00e3o de finan\u00e7as pessoais,\u202fe destacou a import\u00e2ncia da criatividade dos economistas diante das transforma\u00e7\u00f5es tecnol\u00f3gicas.\u202f&nbsp;&#8220;O objetivo da minha apresenta\u00e7\u00e3o foi trazer \u00e0 tona alguns casos de uso da IA, n\u00e3o com o intuito de aprofundar explica\u00e7\u00f5es t\u00e9cnicas, mas para mostrar as possibilidades que essa ferramenta poderosa oferece\u201d, diz.\u202f&nbsp;<\/p>\n\n\n\n<p>O economista relembrou sua pr\u00f3pria trajet\u00f3ria acad\u00eamica, mencionando os desafios enfrentados na \u00e9poca em que estudava econometria. Ele citou o uso de softwares que exigiam processos manuais e detalhados para a an\u00e1lise de dados. &#8220;Era necess\u00e1rio organizar tudo no Excel, criar tabelas e gr\u00e1ficos manualmente para obter os resultados desejados&#8221;, relatou.&nbsp;No entanto, 2023, segundo ele, marca um ponto de inflex\u00e3o na ado\u00e7\u00e3o de IA. &#8220;\u00c9 impressionante perceber como a tecnologia est\u00e1 transformando a forma de trabalhar dos economistas. O que antes era feito com muito esfor\u00e7o e horas de dedica\u00e7\u00e3o agora pode ser realizado em minutos com o aux\u00edlio da intelig\u00eancia artificial&#8221;, afirmou.\u202f&nbsp;<\/p>\n\n\n\n<p>Edval, vice-presidente do Corecon-BA, fez um paralelo \u00e0 fala de Andr\u00e9, trazendo reflex\u00f5es importantes sobre o impacto do consumismo na sociedade atual e os \u00edndices de endividamento das fam\u00edlias no Brasil. Ele destacou que o desejo de consumir frequentemente ultrapassa as necessidades reais, levando as pessoas a gastarem mais do que podem.\u202f&nbsp;<\/p>\n\n\n\n<p>Dados apresentados durante a palestra revelam que 78% das fam\u00edlias brasileiras estar\u00e3o endividadas at\u00e9 2025, um cen\u00e1rio preocupante, j\u00e1 que esse \u00edndice vem crescendo desde o ano 2000.\u202f&nbsp;Neste contexto entra um agravante, segundo o palestrante, que \u00e9 o cr\u00e9dito.\u202f&#8221;Esse cr\u00e9dito, dado desnecessariamente a pessoas que n\u00e3o t\u00eam educa\u00e7\u00e3o financeira, faz com que as contas fiquem ali desreguladas e isso vai criar uma inadimpl\u00eancia\u201d, afirma.\u202f&#8221;Como \u00e9 que voc\u00ea tem uma renda de R$1.500, R$2.500 e um cart\u00e3o de cr\u00e9dito com limite de R$5.000 sem ter a educa\u00e7\u00e3o financeira para fazer ali o equil\u00edbrio?&#8221;, questionou o especialista. Ele defendeu que o dinheiro deve ser utilizado para concretizar projetos que realmente fa\u00e7am sentido, com foco em construir primeiro uma base financeira s\u00f3lida.\u202f&nbsp;<\/p>\n\n\n\n<p><strong>XXVI Congresso Brasileiro de Economia<\/strong>&nbsp;<\/p>\n\n\n\n<p>O Congresso Brasileiro de Economia ocorreu de 06 a 10 de outubro no Plaza S\u00e3o Rafael Hotel, em Porto Alegre, com o tema \u201cDesenvolvimento Sustent\u00e1vel: Reconstru\u00e7\u00e3o, Desafios e Oportunidades\u201d. O evento reuniu cerca de 50 especialistas e 500 participantes (online e presencial) em torno de grandes temas que impactam o futuro do pa\u00eds, como reforma tribut\u00e1ria, mudan\u00e7as clim\u00e1ticas, com\u00e9rcio internacional, agroneg\u00f3cio, desigualdades regionais, inova\u00e7\u00e3o, economia comportamental, educa\u00e7\u00e3o financeira e o papel do Estado na neoindustrializa\u00e7\u00e3o. A promo\u00e7\u00e3o foi do Cofecon, em parceria com o Corecon\/RS.&nbsp;<\/p>\n\n\n\n<p>O evento contou com o patroc\u00ednio do Banco Nacional de Desenvolvimento Econ\u00f4mico e Social (BNDES), Vero\/Banrisul, Banco Regional de Desenvolvimento do Extremo Sul (BRDE), Monte Bravo Investimentos, Conselhos Regionais de Economia de S\u00e3o Paulo, Mato Grosso do Sul, Pernambuco, Paran\u00e1 e Rio de Janeiro.&nbsp;<\/p>\n","protected":false},"excerpt":{"rendered":"<p>Painel do XXVI Congresso Brasileiro de Economia discute impacto da intelig\u00eancia artificial nas finan\u00e7as e o avan\u00e7o do endividamento das fam\u00edlias no pa\u00eds Em um cen\u00e1rio econ\u00f4mico marcado por incertezas globais, transforma\u00e7\u00e3o tecnol\u00f3gica acelerada e aumento do endividamento das fam\u00edlias,<\/p>\n<p><a class=\"more-link\" href=\"https:\/\/cofecon.org.br\/cofecon\/?p=26431\">Leia Mais<\/a><\/p>\n","protected":false},"author":3,"featured_media":26442,"comment_status":"closed","ping_status":"closed","sticky":false,"template":"","format":"standard","meta":{"footnotes":""},"categories":[2],"tags":[],"class_list":["post-26431","post","type-post","status-publish","format-standard","has-post-thumbnail","hentry","category-noticias"],"_links":{"self":[{"href":"https:\/\/cofecon.org.br\/cofecon\/index.php?rest_route=\/wp\/v2\/posts\/26431"}],"collection":[{"href":"https:\/\/cofecon.org.br\/cofecon\/index.php?rest_route=\/wp\/v2\/posts"}],"about":[{"href":"https:\/\/cofecon.org.br\/cofecon\/index.php?rest_route=\/wp\/v2\/types\/post"}],"author":[{"embeddable":true,"href":"https:\/\/cofecon.org.br\/cofecon\/index.php?rest_route=\/wp\/v2\/users\/3"}],"replies":[{"embeddable":true,"href":"https:\/\/cofecon.org.br\/cofecon\/index.php?rest_route=%2Fwp%2Fv2%2Fcomments&post=26431"}],"version-history":[{"count":1,"href":"https:\/\/cofecon.org.br\/cofecon\/index.php?rest_route=\/wp\/v2\/posts\/26431\/revisions"}],"predecessor-version":[{"id":26432,"href":"https:\/\/cofecon.org.br\/cofecon\/index.php?rest_route=\/wp\/v2\/posts\/26431\/revisions\/26432"}],"wp:featuredmedia":[{"embeddable":true,"href":"https:\/\/cofecon.org.br\/cofecon\/index.php?rest_route=\/wp\/v2\/media\/26442"}],"wp:attachment":[{"href":"https:\/\/cofecon.org.br\/cofecon\/index.php?rest_route=%2Fwp%2Fv2%2Fmedia&parent=26431"}],"wp:term":[{"taxonomy":"category","embeddable":true,"href":"https:\/\/cofecon.org.br\/cofecon\/index.php?rest_route=%2Fwp%2Fv2%2Fcategories&post=26431"},{"taxonomy":"post_tag","embeddable":true,"href":"https:\/\/cofecon.org.br\/cofecon\/index.php?rest_route=%2Fwp%2Fv2%2Ftags&post=26431"}],"curies":[{"name":"wp","href":"https:\/\/api.w.org\/{rel}","templated":true}]}}