{"id":26429,"date":"2025-10-11T14:53:28","date_gmt":"2025-10-11T17:53:28","guid":{"rendered":"https:\/\/cofecon.org.br\/cofecon\/?p=26429"},"modified":"2025-10-11T15:28:37","modified_gmt":"2025-10-11T18:28:37","slug":"xxvi-cbe-trajetoria-e-desafios-da-economia-gaucha-no-contexto-das-mudancas-climaticas","status":"publish","type":"post","link":"https:\/\/cofecon.org.br\/cofecon\/?p=26429","title":{"rendered":"XXVI CBE: Trajet\u00f3ria e desafios da economia ga\u00facha no contexto das mudan\u00e7as clim\u00e1ticas\u00a0"},"content":{"rendered":"\n<p><em>Economistas analisam os impactos das enchentes de 2024 e defendem reconstru\u00e7\u00e3o baseada em sustentabilidade e planejamento de longo prazo<\/em><\/p>\n\n\n\n<p>As mudan\u00e7as clim\u00e1ticas deixaram de ser uma previs\u00e3o distante para se tornarem uma realidade concreta, com impactos severos sobre a vida das pessoas e a din\u00e2mica econ\u00f4mica dos territ\u00f3rios. No Rio Grande do Sul, os eventos extremos que marcaram 2024 expuseram a vulnerabilidade da infraestrutura e da economia do estado, exigindo respostas urgentes do poder p\u00fablico, do setor produtivo e da academia. Foi nesse contexto que os professores Carlos Eduardo Sch\u00f6nerwald da Silva e Nelson Gruber, ambos da Universidade Federal do Rio Grande do Sul (UFRGS), participaram de debate no XXVI Congresso Brasileiro de Economia, trazendo uma reflex\u00e3o profunda sobre os desafios da reconstru\u00e7\u00e3o e o papel estrat\u00e9gico dos economistas na transi\u00e7\u00e3o para um modelo de desenvolvimento sustent\u00e1vel e resiliente.<\/p>\n\n\n\n<p>Carlos explicou que os estudos conduzidos pela universidade analisam como a economia do Rio Grande do Sul tem se comportado ao longo do tempo, especialmente no contexto da emerg\u00eancia clim\u00e1tica e tendo como foco as enchentes que atingiram Porto Alegre em 2024. Entre as \u00e1reas analisadas est\u00e3o tributa\u00e7\u00e3o, regula\u00e7\u00e3o e o impacto das pol\u00edticas p\u00fablicas no enfrentamento da crise ambiental. \u201cA partir do evento clim\u00e1tico, come\u00e7amos a entender quais s\u00e3o os desafios para que tenhamos um desenvolvimento sustent\u00e1vel efetivo no estado, com uma transforma\u00e7\u00e3o produtiva que incorpore a quest\u00e3o clim\u00e1tica de forma end\u00f3gena\u201d, explicou.\u202f\u202f&nbsp;<\/p>\n\n\n\n<p>\u202fSch\u00f6nerwald destacou ainda o papel essencial dos economistas nesse processo, j\u00e1 que s\u00e3o profissionais que podem contribuir, tanto no setor privado, ajudando empresas a integrarem pr\u00e1ticas sustent\u00e1veis em seus neg\u00f3cios, quanto no setor p\u00fablico, por meio de pesquisas acad\u00eamicas e formula\u00e7\u00e3o de pol\u00edticas p\u00fablicas.\u202f\u202f&nbsp;<\/p>\n\n\n\n<p>Gruber destacou a import\u00e2ncia de um planejamento estrat\u00e9gico que considere os novos cen\u00e1rios clim\u00e1ticos e as frequentes adversidades ambientais. &#8220;Temos trabalhado intensamente com quest\u00f5es relacionadas \u00e0s mudan\u00e7as clim\u00e1ticas em diversos \u00e2mbitos, desde estudos na Ant\u00e1rtica at\u00e9 an\u00e1lises sobre deslizamentos de terra, modelagens e impactos socioecon\u00f4micos e ambientais. \u00c9 crucial adotarmos uma nova perspectiva de planejamento que priorize a sustentabilidade e a preserva\u00e7\u00e3o ambiental, j\u00e1 que eventos extremos est\u00e3o se tornando mais frequentes e intensos&#8221;, afirmou.\u202f&nbsp;<\/p>\n\n\n\n<p>O professor ressaltou que o trabalho de preven\u00e7\u00e3o e adapta\u00e7\u00e3o \u00e0s mudan\u00e7as clim\u00e1ticas deve ser integrado e multidisciplinar, envolvendo \u00e1reas como engenharia, arquitetura, economia, biologia, f\u00edsica e qu\u00edmica. Ele tamb\u00e9m mencionou a necessidade de dialogar com planejadores e economistas para buscar solu\u00e7\u00f5es conjuntas.\u202f&nbsp;<\/p>\n\n\n\n<p><strong>XXVI Congresso Brasileiro de Economia<\/strong>&nbsp;<\/p>\n\n\n\n<p>O Congresso Brasileiro de Economia ocorreu de 06 a 10 de outubro no Plaza S\u00e3o Rafael Hotel, em Porto Alegre, com o tema \u201cDesenvolvimento Sustent\u00e1vel: Reconstru\u00e7\u00e3o, Desafios e Oportunidades\u201d. O evento reuniu cerca de 50 especialistas e 500 participantes (online e presencial) em torno de grandes temas que impactam o futuro do pa\u00eds, como reforma tribut\u00e1ria, mudan\u00e7as clim\u00e1ticas, com\u00e9rcio internacional, agroneg\u00f3cio, desigualdades regionais, inova\u00e7\u00e3o, economia comportamental, educa\u00e7\u00e3o financeira e o papel do Estado na neoindustrializa\u00e7\u00e3o. A promo\u00e7\u00e3o foi do Cofecon, em parceria com o Corecon\/RS.&nbsp;<\/p>\n\n\n\n<p>O evento contou com o patroc\u00ednio do Banco Nacional de Desenvolvimento Econ\u00f4mico e Social (BNDES), Vero\/Banrisul, Banco Regional de Desenvolvimento do Extremo Sul (BRDE), Monte Bravo Investimentos, Conselhos Regionais de Economia de S\u00e3o Paulo, Mato Grosso do Sul, Pernambuco, Paran\u00e1 e Rio de Janeiro.&nbsp;<\/p>\n","protected":false},"excerpt":{"rendered":"<p>Economistas analisam os impactos das enchentes de 2024 e defendem reconstru\u00e7\u00e3o baseada em sustentabilidade e planejamento de longo prazo As mudan\u00e7as clim\u00e1ticas deixaram de ser uma previs\u00e3o distante para se tornarem uma realidade concreta, com impactos severos sobre a vida<\/p>\n<p><a class=\"more-link\" href=\"https:\/\/cofecon.org.br\/cofecon\/?p=26429\">Leia Mais<\/a><\/p>\n","protected":false},"author":3,"featured_media":26441,"comment_status":"closed","ping_status":"closed","sticky":false,"template":"","format":"standard","meta":{"footnotes":""},"categories":[2],"tags":[],"class_list":["post-26429","post","type-post","status-publish","format-standard","has-post-thumbnail","hentry","category-noticias"],"_links":{"self":[{"href":"https:\/\/cofecon.org.br\/cofecon\/index.php?rest_route=\/wp\/v2\/posts\/26429"}],"collection":[{"href":"https:\/\/cofecon.org.br\/cofecon\/index.php?rest_route=\/wp\/v2\/posts"}],"about":[{"href":"https:\/\/cofecon.org.br\/cofecon\/index.php?rest_route=\/wp\/v2\/types\/post"}],"author":[{"embeddable":true,"href":"https:\/\/cofecon.org.br\/cofecon\/index.php?rest_route=\/wp\/v2\/users\/3"}],"replies":[{"embeddable":true,"href":"https:\/\/cofecon.org.br\/cofecon\/index.php?rest_route=%2Fwp%2Fv2%2Fcomments&post=26429"}],"version-history":[{"count":1,"href":"https:\/\/cofecon.org.br\/cofecon\/index.php?rest_route=\/wp\/v2\/posts\/26429\/revisions"}],"predecessor-version":[{"id":26430,"href":"https:\/\/cofecon.org.br\/cofecon\/index.php?rest_route=\/wp\/v2\/posts\/26429\/revisions\/26430"}],"wp:featuredmedia":[{"embeddable":true,"href":"https:\/\/cofecon.org.br\/cofecon\/index.php?rest_route=\/wp\/v2\/media\/26441"}],"wp:attachment":[{"href":"https:\/\/cofecon.org.br\/cofecon\/index.php?rest_route=%2Fwp%2Fv2%2Fmedia&parent=26429"}],"wp:term":[{"taxonomy":"category","embeddable":true,"href":"https:\/\/cofecon.org.br\/cofecon\/index.php?rest_route=%2Fwp%2Fv2%2Fcategories&post=26429"},{"taxonomy":"post_tag","embeddable":true,"href":"https:\/\/cofecon.org.br\/cofecon\/index.php?rest_route=%2Fwp%2Fv2%2Ftags&post=26429"}],"curies":[{"name":"wp","href":"https:\/\/api.w.org\/{rel}","templated":true}]}}