{"id":26411,"date":"2025-10-11T13:16:04","date_gmt":"2025-10-11T16:16:04","guid":{"rendered":"https:\/\/cofecon.org.br\/cofecon\/?p=26411"},"modified":"2025-10-11T14:34:49","modified_gmt":"2025-10-11T17:34:49","slug":"xxvi-cbe-a-pericia-ambiental-e-a-importancia-de-agir-antes-do-dano","status":"publish","type":"post","link":"https:\/\/cofecon.org.br\/cofecon\/?p=26411","title":{"rendered":"XXVI CBE: A per\u00edcia ambiental e a import\u00e2ncia de agir antes do dano"},"content":{"rendered":"\n<p>Economista alerta que atua\u00e7\u00e3o na \u00e1rea n\u00e3o deve se limitar \u00e0 mensura\u00e7\u00e3o de preju\u00edzos, mas propor solu\u00e7\u00f5es para evitar danos socioambientais<\/p>\n\n\n\n<p>Encerrando F\u00f3rum de Per\u00edcia Econ\u00f4mico-Financeira realizado durante o XXVI Congresso Brasileiro de Economia (CBE), o economista e professor Gustavo In\u00e1cio de Moraes apresentou uma abordagem inovadora sobre a atua\u00e7\u00e3o do economista na interface entre desenvolvimento econ\u00f4mico e sustentabilidade. Em sua palestra, intitulada \u201cPer\u00edcia Econ\u00f4mica, Ambiental e Danos\u201d, o doutor pela USP e docente da PUCRS destacou que a per\u00edcia ambiental ainda \u00e9 majoritariamente reativa no Brasil, entrando em cena apenas ap\u00f3s a ocorr\u00eancia de desastres. Para ele, esse modelo est\u00e1 ultrapassado.<\/p>\n\n\n\n<p>\u201cO perito ambiental precisa propor antes de reagir. Ele n\u00e3o deve apenas mensurar preju\u00edzos, mas atuar como instrumento para preveni-los\u201d, defendeu. O professor destacou que a per\u00edcia ambiental \u00e9, por natureza, interdisciplinar, exigindo di\u00e1logo entre diferentes \u00e1reas do conhecimento. Apresentou cinco m\u00e9todos de valora\u00e7\u00e3o econ\u00f4mica \u2014 custo da viagem, pre\u00e7o hed\u00f4nico, lucros cessantes, valora\u00e7\u00e3o contingente e bens e insumos complementares \u2014, cada um revelando dimens\u00f5es diferentes do valor ambiental.<\/p>\n\n\n\n<p>Entre os exemplos citados, Moraes relembrou o vazamento de petr\u00f3leo na Ba\u00eda de Paranagu\u00e1 (2005) e o caso de Eldorado do Sul (RS), munic\u00edpio que desempenha papel crucial na preserva\u00e7\u00e3o da \u00e1gua do Gua\u00edba. \u201c\u00c9 uma cidade que faz um esfor\u00e7o ambiental em benef\u00edcio de todos os demais munic\u00edpios da regi\u00e3o metropolitana, e esse esfor\u00e7o precisa ser reconhecido e valorado\u201d, destacou.<\/p>\n\n\n\n<p>Ao concluir, defendeu que a per\u00edcia ambiental deve ser vista como uma forma de seguro. \u201cO s\u00edmbolo do seguro \u00e9 o guarda-chuva: ele serve para evitar que a gente se molhe, n\u00e3o para secar depois. \u00c9 assim que o economista deve pensar quando atua com o meio ambiente \u2014 com uma postura preventiva e propositiva\u201d, afirmou.<\/p>\n\n\n\n<p><strong>XXVI Congresso Brasileiro de Economia<\/strong>&nbsp;<\/p>\n\n\n\n<p>O Congresso Brasileiro de Economia ocorreu de 06 a 10 de outubro no Plaza S\u00e3o Rafael Hotel, em Porto Alegre, com o tema \u201cDesenvolvimento Sustent\u00e1vel: Reconstru\u00e7\u00e3o, Desafios e Oportunidades\u201d. O evento reuniu cerca de 50 especialistas e 500 participantes (online e presencial) em torno de grandes temas que impactam o futuro do pa\u00eds, como reforma tribut\u00e1ria, mudan\u00e7as clim\u00e1ticas, com\u00e9rcio internacional, agroneg\u00f3cio, desigualdades regionais, inova\u00e7\u00e3o, economia comportamental, educa\u00e7\u00e3o financeira e o papel do Estado na neoindustrializa\u00e7\u00e3o. A promo\u00e7\u00e3o foi do Cofecon, em parceria com o Corecon\/RS.&nbsp;<\/p>\n\n\n\n<p>O evento contou com o patroc\u00ednio do Banco Nacional de Desenvolvimento Econ\u00f4mico e Social (BNDES), Vero\/Banrisul, Banco Regional de Desenvolvimento do Extremo Sul (BRDE), Monte Bravo Investimentos, Conselhos Regionais de Economia de S\u00e3o Paulo, Mato Grosso do Sul, Pernambuco, Paran\u00e1 e Rio de Janeiro.&nbsp;<\/p>\n","protected":false},"excerpt":{"rendered":"<p>Economista alerta que atua\u00e7\u00e3o na \u00e1rea n\u00e3o deve se limitar \u00e0 mensura\u00e7\u00e3o de preju\u00edzos, mas propor solu\u00e7\u00f5es para evitar danos socioambientais Encerrando F\u00f3rum de Per\u00edcia Econ\u00f4mico-Financeira realizado durante o XXVI Congresso Brasileiro de Economia (CBE), o economista e professor Gustavo<\/p>\n<p><a class=\"more-link\" href=\"https:\/\/cofecon.org.br\/cofecon\/?p=26411\">Leia Mais<\/a><\/p>\n","protected":false},"author":3,"featured_media":26419,"comment_status":"closed","ping_status":"closed","sticky":false,"template":"","format":"standard","meta":{"footnotes":""},"categories":[2],"tags":[],"class_list":["post-26411","post","type-post","status-publish","format-standard","has-post-thumbnail","hentry","category-noticias"],"_links":{"self":[{"href":"https:\/\/cofecon.org.br\/cofecon\/index.php?rest_route=\/wp\/v2\/posts\/26411"}],"collection":[{"href":"https:\/\/cofecon.org.br\/cofecon\/index.php?rest_route=\/wp\/v2\/posts"}],"about":[{"href":"https:\/\/cofecon.org.br\/cofecon\/index.php?rest_route=\/wp\/v2\/types\/post"}],"author":[{"embeddable":true,"href":"https:\/\/cofecon.org.br\/cofecon\/index.php?rest_route=\/wp\/v2\/users\/3"}],"replies":[{"embeddable":true,"href":"https:\/\/cofecon.org.br\/cofecon\/index.php?rest_route=%2Fwp%2Fv2%2Fcomments&post=26411"}],"version-history":[{"count":1,"href":"https:\/\/cofecon.org.br\/cofecon\/index.php?rest_route=\/wp\/v2\/posts\/26411\/revisions"}],"predecessor-version":[{"id":26412,"href":"https:\/\/cofecon.org.br\/cofecon\/index.php?rest_route=\/wp\/v2\/posts\/26411\/revisions\/26412"}],"wp:featuredmedia":[{"embeddable":true,"href":"https:\/\/cofecon.org.br\/cofecon\/index.php?rest_route=\/wp\/v2\/media\/26419"}],"wp:attachment":[{"href":"https:\/\/cofecon.org.br\/cofecon\/index.php?rest_route=%2Fwp%2Fv2%2Fmedia&parent=26411"}],"wp:term":[{"taxonomy":"category","embeddable":true,"href":"https:\/\/cofecon.org.br\/cofecon\/index.php?rest_route=%2Fwp%2Fv2%2Fcategories&post=26411"},{"taxonomy":"post_tag","embeddable":true,"href":"https:\/\/cofecon.org.br\/cofecon\/index.php?rest_route=%2Fwp%2Fv2%2Ftags&post=26411"}],"curies":[{"name":"wp","href":"https:\/\/api.w.org\/{rel}","templated":true}]}}