{"id":26396,"date":"2025-10-11T14:51:48","date_gmt":"2025-10-11T17:51:48","guid":{"rendered":"https:\/\/cofecon.org.br\/cofecon\/?p=26396"},"modified":"2025-10-11T15:28:38","modified_gmt":"2025-10-11T18:28:38","slug":"cofecon-entrega-xxxi-premio-brasil-de-economia","status":"publish","type":"post","link":"https:\/\/cofecon.org.br\/cofecon\/?p=26396","title":{"rendered":"Cofecon entrega XXXI Pr\u00eamio Brasil de Economia"},"content":{"rendered":"\n<p>Solenidade ocorreu em Porto Alegre, durante o XXVI Congresso Brasileiro de Economia. Ladislau Dowbor, Tom\u00e1s Torezani, Luiz Gustavo Hellmann e Felipe Marcos Prado foram os vencedores de cada uma das categorias<\/p>\n\n\n\n<p>O Conselho Federal de Economia realizou nesta ter\u00e7a-feira (07) a entrega do XXXI Pr\u00eamio Brasil de Economia, que distribuiu R$ 19 mil aos autores de trabalhos apresentados em quatro categorias: Livro de Economia, Artigo T\u00e9cnico ou Cient\u00edfico, Artigo Tem\u00e1tico e Monografia de Gradua\u00e7\u00e3o. O evento foi realizado no Plaza S\u00e3o Rafael Hotel, em Porto Alegre, durante a abertura do XXVI Congresso Brasileiro de Economia.<\/p>\n\n\n\n<p><strong>Livro<\/strong><\/p>\n\n\n\n<p>Na categoria Livro de Economia, o pr\u00eamio de R$ 8 mil foi entregue ao economista Ladislau Dowbor. Ele \u00e9 autor do livro \u201cOs Desafios da Revolu\u00e7\u00e3o Digital\u201d. Ausente na solenidade de abertura do evento, Dowbor recebeu o pr\u00eamio no dia seguinte \u2013 ele participou do Congresso Brasileiro de Economia como palestrante.<\/p>\n\n\n\n<p>O segundo lugar ficou com Alexandre de Freitas Barbosa, autor de \u201cCelso Furtado: trajet\u00f3ria, pensamento e m\u00e9todo\u201d, e o terceiro colocado coube a Gustavo Nunes Mour\u00e3o e Mari Aparecida dos Santos, autores de \u201cPlanejamento e Desenvolvimento Regional\u201d.<\/p>\n\n\n\n<p><strong>Artigo T\u00e9cnico ou Cient\u00edfico<\/strong><\/p>\n\n\n\n<p>Na categoria Artigo T\u00e9cnico ou Cient\u00edfico, o vencedor foi o economista ga\u00facho Tom\u00e1s Torezani. Ele \u00e9 autor do texto \u201cO Papel dos Setores Formal e Informal na Evolu\u00e7\u00e3o da Produtividade Brasileira e recebeu o pr\u00eamio de R$ 4 mil correspondente ao primeiro lugar.<\/p>\n\n\n\n<p>Em segundo lugar ficaram os economistas Ademir Antonio Moreira Rocha e Eduardo Gon\u00e7alves, autores do texto \u201cMedindo o Efeito Causal da Ado\u00e7\u00e3o do Sistema de Plantio Direto sobre \u00c1reas Naturais do Brasil\u201d. O terceiro lugar tamb\u00e9m ficou com um texto de dois autores: \u201cEstado Novo de Vargas: Um Caso de Populismo Econ\u00f4mico?\u201d, escrito por Claucir Roberto Schmidtke e Pedro Cezar Dutra Fonseca.<\/p>\n\n\n\n<p><strong>Artigo Tem\u00e1tico<\/strong><\/p>\n\n\n\n<p>Neste ano, a categoria Artigo Tem\u00e1tico foi destinada a estudantes de economia e teve como tema a 30\u00aa Confer\u00eancia das Na\u00e7\u00f5es Unidas sobre Mudan\u00e7a do Clima (COP30). O primeiro colocado \u2013 ganhador de um pr\u00eamio de R$ 3 mil \u2013 foi Luiz Gustavo Ismael Hellmann, da Universidade do Extremo Sul Catarinense.<\/p>\n\n\n\n<p>A men\u00e7\u00e3o honrosa pelo segundo lugar coube ao estudante Bruno Almeida de Azara, da Universidade Federal do ABC; j\u00e1 o terceiro lugar ficou com \u00camili Decesare de Oliveira, da Universidade de Passo Fundo.<\/p>\n\n\n\n<p><strong>Monografia<\/strong><\/p>\n\n\n\n<p>A categoria Monografia de Gradua\u00e7\u00e3o entrega um pr\u00eamio de R$ 3 mil para o primeiro colocado \u2013 e, atualmente, \u00e9 tamb\u00e9m a \u00fanica que entrega um pr\u00eamio em dinheiro para o segundo colocado (R$ 1 mil) e men\u00e7\u00f5es honrosas at\u00e9 o quinto lugar. O primeiro colocado foi Felipe Marques Prado, estudante da Universidade Estadual de Santa Cruz, autor do texto \u201cAn\u00e1lise Espacial da Pobreza Multidimensional no Norte do Brasil\u201d.<\/p>\n\n\n\n<p>Durante a entrega, a presidenta do Conselho Regional de Economia da Bahia, Isabel Ribeiro, mencionou que na mesma data o curso de Ci\u00eancias Econ\u00f4micas da UESC estava completando 60 anos.<\/p>\n\n\n\n<p>O segundo lugar foi Jos\u00e9 Henrique Oliveira Costa, da Universidade Federal de Alagoas, autor de \u201cAn\u00e1lises Sobre a Rela\u00e7\u00e3o Entre Cadeias Globais de Valor e Pegada Ecol\u00f3gica no Per\u00edodo 2005 a 2018\u201d. As men\u00e7\u00f5es honrosas foram para Marcos Vin\u00edcius de Oliveira Andrade, da Universidade Federal do Acre, autor de \u201cUm Grito de Socorro: o Impacto da Pandemia de Covid-19 nos \u00cdndices de Suic\u00eddios no Brasil e Regi\u00f5es \u2013 Uma An\u00e1lise a Partir do Modelo Estrutural Bayesiano de S\u00e9ries Temporais\u201d; Jessica Malena Bastos de Almeida, da Universidade Federal do Par\u00e1, autora de \u201cA Import\u00e2ncia da Conclus\u00e3o do Ensino M\u00e9dio e do Ensino Superior Para a Supera\u00e7\u00e3o da Pobreza Multidimensional: Um Recorte de G\u00eanero e Ra\u00e7a\/Cor no Estado do Par\u00e1\u201d; e J\u00falia Manini Martins Bonilha, da Universidade Estadual de Campinas, autora de \u201cTransfer\u00eancia de Renda Condicionada e o Mercado de Trabalho Formal: Uma An\u00e1lise dos Munic\u00edpios Brasileiros\u201d.<\/p>\n\n\n\n<p><strong>XXVI Congresso Brasileiro de Economia<\/strong><\/p>\n\n\n\n<p>O Congresso Brasileiro de Economia ocorreu de 06 a 10 de outubro no Plaza S\u00e3o Rafael Hotel, em Porto Alegre, com o tema \u201cDesenvolvimento Sustent\u00e1vel: Reconstru\u00e7\u00e3o, Desafios e Oportunidades\u201d. O evento reuniu cerca de 50 especialistas e 500 participantes (online e presencial) em torno de grandes temas que impactam o futuro do pa\u00eds, como reforma tribut\u00e1ria, mudan\u00e7as clim\u00e1ticas, com\u00e9rcio internacional, agroneg\u00f3cio, desigualdades regionais, inova\u00e7\u00e3o, economia comportamental, educa\u00e7\u00e3o financeira e o papel do Estado na neoindustrializa\u00e7\u00e3o. A promo\u00e7\u00e3o foi do Cofecon, em parceria com o Corecon\/RS.<\/p>\n\n\n\n<p>O evento contou com o patroc\u00ednio do Banco Nacional de Desenvolvimento Econ\u00f4mico e Social (BNDES), Vero\/Banrisul, Banco Regional de Desenvolvimento do Extremo Sul (BRDE), Monte Bravo Investimentos, Conselhos Regionais de Economia de S\u00e3o Paulo, Mato Grosso do Sul, Pernambuco, Paran\u00e1 e Rio de Janeiro.<\/p>\n","protected":false},"excerpt":{"rendered":"<p>Solenidade ocorreu em Porto Alegre, durante o XXVI Congresso Brasileiro de Economia. Ladislau Dowbor, Tom\u00e1s Torezani, Luiz Gustavo Hellmann e Felipe Marcos Prado foram os vencedores de cada uma das categorias O Conselho Federal de Economia realizou nesta ter\u00e7a-feira (07)<\/p>\n<p><a class=\"more-link\" href=\"https:\/\/cofecon.org.br\/cofecon\/?p=26396\">Leia Mais<\/a><\/p>\n","protected":false},"author":3,"featured_media":26440,"comment_status":"closed","ping_status":"closed","sticky":false,"template":"","format":"standard","meta":{"footnotes":""},"categories":[2],"tags":[],"class_list":["post-26396","post","type-post","status-publish","format-standard","has-post-thumbnail","hentry","category-noticias"],"_links":{"self":[{"href":"https:\/\/cofecon.org.br\/cofecon\/index.php?rest_route=\/wp\/v2\/posts\/26396"}],"collection":[{"href":"https:\/\/cofecon.org.br\/cofecon\/index.php?rest_route=\/wp\/v2\/posts"}],"about":[{"href":"https:\/\/cofecon.org.br\/cofecon\/index.php?rest_route=\/wp\/v2\/types\/post"}],"author":[{"embeddable":true,"href":"https:\/\/cofecon.org.br\/cofecon\/index.php?rest_route=\/wp\/v2\/users\/3"}],"replies":[{"embeddable":true,"href":"https:\/\/cofecon.org.br\/cofecon\/index.php?rest_route=%2Fwp%2Fv2%2Fcomments&post=26396"}],"version-history":[{"count":1,"href":"https:\/\/cofecon.org.br\/cofecon\/index.php?rest_route=\/wp\/v2\/posts\/26396\/revisions"}],"predecessor-version":[{"id":26397,"href":"https:\/\/cofecon.org.br\/cofecon\/index.php?rest_route=\/wp\/v2\/posts\/26396\/revisions\/26397"}],"wp:featuredmedia":[{"embeddable":true,"href":"https:\/\/cofecon.org.br\/cofecon\/index.php?rest_route=\/wp\/v2\/media\/26440"}],"wp:attachment":[{"href":"https:\/\/cofecon.org.br\/cofecon\/index.php?rest_route=%2Fwp%2Fv2%2Fmedia&parent=26396"}],"wp:term":[{"taxonomy":"category","embeddable":true,"href":"https:\/\/cofecon.org.br\/cofecon\/index.php?rest_route=%2Fwp%2Fv2%2Fcategories&post=26396"},{"taxonomy":"post_tag","embeddable":true,"href":"https:\/\/cofecon.org.br\/cofecon\/index.php?rest_route=%2Fwp%2Fv2%2Ftags&post=26396"}],"curies":[{"name":"wp","href":"https:\/\/api.w.org\/{rel}","templated":true}]}}