{"id":26390,"date":"2025-10-11T13:14:43","date_gmt":"2025-10-11T16:14:43","guid":{"rendered":"https:\/\/cofecon.org.br\/cofecon\/?p=26390"},"modified":"2025-10-11T14:34:50","modified_gmt":"2025-10-11T17:34:50","slug":"xxvi-cbe-a-importancia-do-economista-na-avaliacao-economica-de-empresas","status":"publish","type":"post","link":"https:\/\/cofecon.org.br\/cofecon\/?p=26390","title":{"rendered":"XXVI CBE: A import\u00e2ncia do economista na avalia\u00e7\u00e3o econ\u00f4mica de empresas"},"content":{"rendered":"\n<p>\u201cO perito trabalha com o valor econ\u00f4mico, e n\u00e3o apenas com o pre\u00e7o de mercado\u201d, apontou o economista perito Jaime Macadar<\/p>\n\n\n\n<p>A rela\u00e7\u00e3o entre per\u00edcia e justi\u00e7a econ\u00f4mica tamb\u00e9m foi o ponto de partida para a palestra do economista Jaime Adrian Moron Macadar, na palestra \u201cAvalia\u00e7\u00e3o econ\u00f4mica de empresas nos processos judiciais\u201d. O especialista trouxe uma reflex\u00e3o sobre o papel do economista perito nas disputas que envolvem o valor de companhias, ativos e passivos, destacando que a per\u00edcia \u00e9, antes de tudo, um exerc\u00edcio de responsabilidade t\u00e9cnica e social.<\/p>\n\n\n\n<p>Segundo ele, a avalia\u00e7\u00e3o de empresas \u201cvai muito al\u00e9m de f\u00f3rmulas e balan\u00e7os\u201d. Macadar defendeu que o economista precisa compreender o contexto econ\u00f4mico, o ambiente concorrencial, as proje\u00e7\u00f5es de mercado e, principalmente, a realidade do neg\u00f3cio que est\u00e1 sendo avaliado. Ele lembrou que, em muitos casos, um laudo pericial pode definir o rumo de decis\u00f5es judiciais com grande impacto financeiro e social, exigindo rigor e responsabilidade de quem o elabora.<\/p>\n\n\n\n<p>O economista chamou aten\u00e7\u00e3o tamb\u00e9m para a diferen\u00e7a entre valor e pre\u00e7o, conceitos muitas vezes confundidos no senso comum. \u201cO perito trabalha com o valor econ\u00f4mico \u2014 uma estimativa fundamentada no potencial de gera\u00e7\u00e3o de resultados \u2014 e n\u00e3o apenas com o pre\u00e7o de mercado. S\u00e3o conceitos distintos, e o perito precisa dominar essa diferen\u00e7a para oferecer um trabalho de qualidade e credibilidade\u201d, explicou.<\/p>\n\n\n\n<p>Entre os m\u00e9todos abordados por Macadar estiveram o fluxo de caixa descontado e o valor patrimonial, com destaque para a necessidade de atualiza\u00e7\u00e3o constante frente \u00e0s transforma\u00e7\u00f5es tecnol\u00f3gicas e regulat\u00f3rias que afetam o mercado. \u201cO economista perito precisa estar preparado para lidar com as mudan\u00e7as no ambiente empresarial e com as novas ferramentas de an\u00e1lise que surgem a todo momento\u201d, observou.<\/p>\n\n\n\n<p>Ao final, ele refor\u00e7ou que a per\u00edcia econ\u00f4mico-financeira \u00e9 uma \u00e1rea em expans\u00e3o e estrat\u00e9gica para a valoriza\u00e7\u00e3o da profiss\u00e3o. \u201cA atua\u00e7\u00e3o do economista perito exige conhecimento t\u00e9cnico, \u00e9tica e compromisso com a verdade dos fatos econ\u00f4micos. \u00c9 uma oportunidade de contribuir diretamente para a justi\u00e7a e para o fortalecimento institucional do pa\u00eds\u201d, concluiu.<\/p>\n\n\n\n<p><strong>XXVI Congresso Brasileiro de Economia<\/strong>&nbsp;<\/p>\n\n\n\n<p>O Congresso Brasileiro de Economia ocorreu de 06 a 10 de outubro no Plaza S\u00e3o Rafael Hotel, em Porto Alegre, com o tema \u201cDesenvolvimento Sustent\u00e1vel: Reconstru\u00e7\u00e3o, Desafios e Oportunidades\u201d. O evento reuniu cerca de 50 especialistas e 500 participantes (online e presencial) em torno de grandes temas que impactam o futuro do pa\u00eds, como reforma tribut\u00e1ria, mudan\u00e7as clim\u00e1ticas, com\u00e9rcio internacional, agroneg\u00f3cio, desigualdades regionais, inova\u00e7\u00e3o, economia comportamental, educa\u00e7\u00e3o financeira e o papel do Estado na neoindustrializa\u00e7\u00e3o. A promo\u00e7\u00e3o foi do Cofecon, em parceria com o Corecon\/RS.&nbsp;<\/p>\n\n\n\n<p>O evento contou com o patroc\u00ednio do Banco Nacional de Desenvolvimento Econ\u00f4mico e Social (BNDES), Vero\/Banrisul, Banco Regional de Desenvolvimento do Extremo Sul (BRDE), Monte Bravo Investimentos, Conselhos Regionais de Economia de S\u00e3o Paulo, Mato Grosso do Sul, Pernambuco, Paran\u00e1 e Rio de Janeiro.&nbsp;<\/p>\n","protected":false},"excerpt":{"rendered":"<p>\u201cO perito trabalha com o valor econ\u00f4mico, e n\u00e3o apenas com o pre\u00e7o de mercado\u201d, apontou o economista perito Jaime Macadar A rela\u00e7\u00e3o entre per\u00edcia e justi\u00e7a econ\u00f4mica tamb\u00e9m foi o ponto de partida para a palestra do economista Jaime<\/p>\n<p><a class=\"more-link\" href=\"https:\/\/cofecon.org.br\/cofecon\/?p=26390\">Leia Mais<\/a><\/p>\n","protected":false},"author":3,"featured_media":26417,"comment_status":"closed","ping_status":"closed","sticky":false,"template":"","format":"standard","meta":{"footnotes":""},"categories":[2],"tags":[],"class_list":["post-26390","post","type-post","status-publish","format-standard","has-post-thumbnail","hentry","category-noticias"],"_links":{"self":[{"href":"https:\/\/cofecon.org.br\/cofecon\/index.php?rest_route=\/wp\/v2\/posts\/26390"}],"collection":[{"href":"https:\/\/cofecon.org.br\/cofecon\/index.php?rest_route=\/wp\/v2\/posts"}],"about":[{"href":"https:\/\/cofecon.org.br\/cofecon\/index.php?rest_route=\/wp\/v2\/types\/post"}],"author":[{"embeddable":true,"href":"https:\/\/cofecon.org.br\/cofecon\/index.php?rest_route=\/wp\/v2\/users\/3"}],"replies":[{"embeddable":true,"href":"https:\/\/cofecon.org.br\/cofecon\/index.php?rest_route=%2Fwp%2Fv2%2Fcomments&post=26390"}],"version-history":[{"count":1,"href":"https:\/\/cofecon.org.br\/cofecon\/index.php?rest_route=\/wp\/v2\/posts\/26390\/revisions"}],"predecessor-version":[{"id":26391,"href":"https:\/\/cofecon.org.br\/cofecon\/index.php?rest_route=\/wp\/v2\/posts\/26390\/revisions\/26391"}],"wp:featuredmedia":[{"embeddable":true,"href":"https:\/\/cofecon.org.br\/cofecon\/index.php?rest_route=\/wp\/v2\/media\/26417"}],"wp:attachment":[{"href":"https:\/\/cofecon.org.br\/cofecon\/index.php?rest_route=%2Fwp%2Fv2%2Fmedia&parent=26390"}],"wp:term":[{"taxonomy":"category","embeddable":true,"href":"https:\/\/cofecon.org.br\/cofecon\/index.php?rest_route=%2Fwp%2Fv2%2Fcategories&post=26390"},{"taxonomy":"post_tag","embeddable":true,"href":"https:\/\/cofecon.org.br\/cofecon\/index.php?rest_route=%2Fwp%2Fv2%2Ftags&post=26390"}],"curies":[{"name":"wp","href":"https:\/\/api.w.org\/{rel}","templated":true}]}}