{"id":26388,"date":"2025-10-11T13:14:18","date_gmt":"2025-10-11T16:14:18","guid":{"rendered":"https:\/\/cofecon.org.br\/cofecon\/?p=26388"},"modified":"2025-10-11T14:39:03","modified_gmt":"2025-10-11T17:39:03","slug":"xxvi-cbe-pericia-bancaria-um-campo-que-exige-dominio-tecnico-e-atualizacao-constante","status":"publish","type":"post","link":"https:\/\/cofecon.org.br\/cofecon\/?p=26388","title":{"rendered":"XXVI CBE: Per\u00edcia banc\u00e1ria, um campo que exige dom\u00ednio t\u00e9cnico e atualiza\u00e7\u00e3o constante"},"content":{"rendered":"\n<p>Economista Paulo Roberto Godoy destaca que maioria das per\u00edcias no Judici\u00e1rio \u00e9 econ\u00f4mico-financeira e defende protagonismo do economista na \u00e1rea<\/p>\n\n\n\n<p>Com mais de 50 anos de atua\u00e7\u00e3o profissional, o economista Paulo Roberto Godoy trouxe ao XXVI Congresso Brasileiro de Economia uma an\u00e1lise direta e fundamentada sobre a per\u00edcia financeira banc\u00e1ria, \u00e1rea estrat\u00e9gica dentro dos processos judiciais que envolvem opera\u00e7\u00f5es de cr\u00e9dito e contratos financeiros. Em sua palestra, ele enfatizou que esse tipo de per\u00edcia n\u00e3o deve ser tratado como um campo isolado, mas sim como parte essencial da per\u00edcia econ\u00f4mico-financeira \u2013 \u00e1rea de atua\u00e7\u00e3o leg\u00edtima do economista perito.<\/p>\n\n\n\n<p>\u201cA grande maioria das per\u00edcias deferidas pelo Judici\u00e1rio n\u00e3o s\u00e3o cont\u00e1beis, mas sim econ\u00f4mico-financeiras. \u00c9 fundamental que os tribunais reconhe\u00e7am isso e passem a nomear economistas para esses casos\u201d, defendeu o economista. Ele abordou opera\u00e7\u00f5es como cart\u00f5es de cr\u00e9dito, leasing, cr\u00e9dito consignado, financiamentos imobili\u00e1rios e agr\u00edcolas, e explicou que o perito deve ter dom\u00ednio absoluto das f\u00f3rmulas e metodologias aplicadas nos contratos. \u201cO perito \u00e9 auxiliar do juiz. Ele n\u00e3o est\u00e1 ali para opinar, mas para apresentar conclus\u00f5es objetivas, embasadas tecnicamente\u201d, afirmou.<\/p>\n\n\n\n<p>Entre os exemplos citados, destacou as diferen\u00e7as entre ano civil e comercial nos c\u00e1lculos de juros, a capitaliza\u00e7\u00e3o de juros em per\u00edodos inferiores a um ano e as mudan\u00e7as trazidas pela Lei n\u00ba 14.905\/2024 e pela Resolu\u00e7\u00e3o 5.171 do Conselho Monet\u00e1rio Nacional, que introduziram o conceito de taxa legal com base na Selic e no IPCA-15. \u201cEssas novas regras poder\u00e3o ser aplicadas retroativamente, o que afetar\u00e1 milhares de a\u00e7\u00f5es em curso\u201d, alertou.<\/p>\n\n\n\n<p>Godoy defendeu que o economista perito deve dominar matem\u00e1tica financeira, corre\u00e7\u00e3o monet\u00e1ria e interpreta\u00e7\u00e3o contratual, al\u00e9m de manter constante atualiza\u00e7\u00e3o t\u00e9cnica. \u201cN\u00e3o basta ter curso superior. \u00c9 preciso forma\u00e7\u00e3o espec\u00edfica, \u00e9tica, clareza na reda\u00e7\u00e3o e constante atualiza\u00e7\u00e3o t\u00e9cnica\u201d, refor\u00e7ou.<\/p>\n\n\n\n<p><strong>XXVI Congresso Brasileiro de Economia<\/strong>&nbsp;<\/p>\n\n\n\n<p>O Congresso Brasileiro de Economia ocorreu de 06 a 10 de outubro no Plaza S\u00e3o Rafael Hotel, em Porto Alegre, com o tema \u201cDesenvolvimento Sustent\u00e1vel: Reconstru\u00e7\u00e3o, Desafios e Oportunidades\u201d. O evento reuniu cerca de 50 especialistas e 500 participantes (online e presencial) em torno de grandes temas que impactam o futuro do pa\u00eds, como reforma tribut\u00e1ria, mudan\u00e7as clim\u00e1ticas, com\u00e9rcio internacional, agroneg\u00f3cio, desigualdades regionais, inova\u00e7\u00e3o, economia comportamental, educa\u00e7\u00e3o financeira e o papel do Estado na neoindustrializa\u00e7\u00e3o. A promo\u00e7\u00e3o foi do Cofecon, em parceria com o Corecon\/RS.&nbsp;<\/p>\n\n\n\n<p>O evento contou com o patroc\u00ednio do Banco Nacional de Desenvolvimento Econ\u00f4mico e Social (BNDES), Vero\/Banrisul, Banco Regional de Desenvolvimento do Extremo Sul (BRDE), Monte Bravo Investimentos, Conselhos Regionais de Economia de S\u00e3o Paulo, Mato Grosso do Sul, Pernambuco, Paran\u00e1 e Rio de Janeiro.&nbsp;<\/p>\n","protected":false},"excerpt":{"rendered":"<p>Economista Paulo Roberto Godoy destaca que maioria das per\u00edcias no Judici\u00e1rio \u00e9 econ\u00f4mico-financeira e defende protagonismo do economista na \u00e1rea Com mais de 50 anos de atua\u00e7\u00e3o profissional, o economista Paulo Roberto Godoy trouxe ao XXVI Congresso Brasileiro de Economia<\/p>\n<p><a class=\"more-link\" href=\"https:\/\/cofecon.org.br\/cofecon\/?p=26388\">Leia Mais<\/a><\/p>\n","protected":false},"author":3,"featured_media":26416,"comment_status":"closed","ping_status":"closed","sticky":false,"template":"","format":"standard","meta":{"footnotes":""},"categories":[2],"tags":[],"class_list":["post-26388","post","type-post","status-publish","format-standard","has-post-thumbnail","hentry","category-noticias"],"_links":{"self":[{"href":"https:\/\/cofecon.org.br\/cofecon\/index.php?rest_route=\/wp\/v2\/posts\/26388"}],"collection":[{"href":"https:\/\/cofecon.org.br\/cofecon\/index.php?rest_route=\/wp\/v2\/posts"}],"about":[{"href":"https:\/\/cofecon.org.br\/cofecon\/index.php?rest_route=\/wp\/v2\/types\/post"}],"author":[{"embeddable":true,"href":"https:\/\/cofecon.org.br\/cofecon\/index.php?rest_route=\/wp\/v2\/users\/3"}],"replies":[{"embeddable":true,"href":"https:\/\/cofecon.org.br\/cofecon\/index.php?rest_route=%2Fwp%2Fv2%2Fcomments&post=26388"}],"version-history":[{"count":2,"href":"https:\/\/cofecon.org.br\/cofecon\/index.php?rest_route=\/wp\/v2\/posts\/26388\/revisions"}],"predecessor-version":[{"id":26427,"href":"https:\/\/cofecon.org.br\/cofecon\/index.php?rest_route=\/wp\/v2\/posts\/26388\/revisions\/26427"}],"wp:featuredmedia":[{"embeddable":true,"href":"https:\/\/cofecon.org.br\/cofecon\/index.php?rest_route=\/wp\/v2\/media\/26416"}],"wp:attachment":[{"href":"https:\/\/cofecon.org.br\/cofecon\/index.php?rest_route=%2Fwp%2Fv2%2Fmedia&parent=26388"}],"wp:term":[{"taxonomy":"category","embeddable":true,"href":"https:\/\/cofecon.org.br\/cofecon\/index.php?rest_route=%2Fwp%2Fv2%2Fcategories&post=26388"},{"taxonomy":"post_tag","embeddable":true,"href":"https:\/\/cofecon.org.br\/cofecon\/index.php?rest_route=%2Fwp%2Fv2%2Ftags&post=26388"}],"curies":[{"name":"wp","href":"https:\/\/api.w.org\/{rel}","templated":true}]}}