{"id":26386,"date":"2025-10-11T13:13:55","date_gmt":"2025-10-11T16:13:55","guid":{"rendered":"https:\/\/cofecon.org.br\/cofecon\/?p=26386"},"modified":"2025-10-11T14:34:53","modified_gmt":"2025-10-11T17:34:53","slug":"xxvi-cbe-pericia-economico-financeira-como-instrumento-de-transparencia-e-confianca-no-judiciario","status":"publish","type":"post","link":"https:\/\/cofecon.org.br\/cofecon\/?p=26386","title":{"rendered":"XXVI CBE: Per\u00edcia econ\u00f4mico-financeira como instrumento de transpar\u00eancia e confian\u00e7a no Judici\u00e1rio"},"content":{"rendered":"\n<p>Conselheiro do Corecon-SP aborda presta\u00e7\u00e3o de contas como campo de atua\u00e7\u00e3o do economista perito que exige dom\u00ednio t\u00e9cnico e jur\u00eddico<\/p>\n\n\n\n<p>O economista Jos\u00e9 Marcos de Campos, conselheiro do Corecon-SP e coordenador da Comiss\u00e3o de Per\u00edcia, ressaltou que a per\u00edcia econ\u00f4mico-financeira desempenha um papel decisivo no Poder Judici\u00e1rio na constru\u00e7\u00e3o de solu\u00e7\u00f5es justas e tecnicamente fundamentadas. Ao abordar o tema \u201cPer\u00edcia econ\u00f4mico-financeira de presta\u00e7\u00e3o de contas\u201d, ele destacou que essa atividade exige n\u00e3o apenas rigor metodol\u00f3gico, mas tamb\u00e9m s\u00f3lida compreens\u00e3o dos fundamentos jur\u00eddicos que orientam os processos. \u201cTrata-se de uma fun\u00e7\u00e3o de confian\u00e7a do juiz, que lida diretamente com patrim\u00f4nio, responsabilidade e interesse p\u00fablico\u201d, observou.<\/p>\n\n\n\n<p>\u201cN\u00f3s precisamos ter um conhecimento aprofundado tamb\u00e9m das quest\u00f5es de direito. Os conceitos jur\u00eddicos s\u00e3o fundamentais para desempenhar com profici\u00eancia uma miss\u00e3o que \u00e9 de confian\u00e7a do juiz\u201d, afirmou Campos, lembrando que o trabalho do perito envolve, em \u00faltima inst\u00e2ncia, a vida e o patrim\u00f4nio de terceiros.<\/p>\n\n\n\n<p>O economista explicou que a per\u00edcia em a\u00e7\u00f5es de presta\u00e7\u00e3o de contas \u00e9 uma prerrogativa compartilhada entre economistas e contadores, e que muitas vezes o Judici\u00e1rio ainda associa esse tipo de processo exclusivamente \u00e0 contabilidade. \u201c\u00c9 essencial refor\u00e7ar que a prova em ju\u00edzo, nesses casos, \u00e9 econ\u00f4mico-financeira e est\u00e1 dentro da nossa prerrogativa profissional\u201d, ressaltou.<\/p>\n\n\n\n<p>Campos detalhou o funcionamento da a\u00e7\u00e3o de exigir contas prevista no C\u00f3digo de Processo Civil, esclarecendo que o perito n\u00e3o presta contas por ningu\u00e9m, mas examina e elucida as informa\u00e7\u00f5es apresentadas pelas partes. \u201cQuando o perito assume a presta\u00e7\u00e3o, ele traz para si uma responsabilidade que n\u00e3o \u00e9 dele\u201d, alertou.<\/p>\n\n\n\n<p>Com base em exemplos pr\u00e1ticos \u2014 como casos envolvendo condom\u00ednios, fundos de investimento, invent\u00e1rios e curatelas \u2014, o economista refor\u00e7ou que a per\u00edcia \u00e9 uma ferramenta de governan\u00e7a e transpar\u00eancia, essencial para garantir decis\u00f5es t\u00e9cnicas e fundamentadas. \u201cO perito n\u00e3o julga, ele fornece ao juiz os elementos t\u00e9cnicos que permitem uma decis\u00e3o justa\u201d, explicou.<\/p>\n\n\n\n<p><strong>XXVI Congresso Brasileiro de Economia<\/strong>&nbsp;<\/p>\n\n\n\n<p>O Congresso Brasileiro de Economia ocorreu de 06 a 10 de outubro no Plaza S\u00e3o Rafael Hotel, em Porto Alegre, com o tema \u201cDesenvolvimento Sustent\u00e1vel: Reconstru\u00e7\u00e3o, Desafios e Oportunidades\u201d. O evento reuniu cerca de 50 especialistas e 500 participantes (online e presencial) em torno de grandes temas que impactam o futuro do pa\u00eds, como reforma tribut\u00e1ria, mudan\u00e7as clim\u00e1ticas, com\u00e9rcio internacional, agroneg\u00f3cio, desigualdades regionais, inova\u00e7\u00e3o, economia comportamental, educa\u00e7\u00e3o financeira e o papel do Estado na neoindustrializa\u00e7\u00e3o. A promo\u00e7\u00e3o foi do Cofecon, em parceria com o Corecon\/RS.&nbsp;<\/p>\n\n\n\n<p>O evento contou com o patroc\u00ednio do Banco Nacional de Desenvolvimento Econ\u00f4mico e Social (BNDES), Vero\/Banrisul, Banco Regional de Desenvolvimento do Extremo Sul (BRDE), Monte Bravo Investimentos, Conselhos Regionais de Economia de S\u00e3o Paulo, Mato Grosso do Sul, Pernambuco, Paran\u00e1 e Rio de Janeiro.&nbsp;<br><\/p>\n","protected":false},"excerpt":{"rendered":"<p>Conselheiro do Corecon-SP aborda presta\u00e7\u00e3o de contas como campo de atua\u00e7\u00e3o do economista perito que exige dom\u00ednio t\u00e9cnico e jur\u00eddico O economista Jos\u00e9 Marcos de Campos, conselheiro do Corecon-SP e coordenador da Comiss\u00e3o de Per\u00edcia, ressaltou que a per\u00edcia econ\u00f4mico-financeira<\/p>\n<p><a class=\"more-link\" href=\"https:\/\/cofecon.org.br\/cofecon\/?p=26386\">Leia Mais<\/a><\/p>\n","protected":false},"author":3,"featured_media":26415,"comment_status":"closed","ping_status":"closed","sticky":false,"template":"","format":"standard","meta":{"footnotes":""},"categories":[2],"tags":[],"class_list":["post-26386","post","type-post","status-publish","format-standard","has-post-thumbnail","hentry","category-noticias"],"_links":{"self":[{"href":"https:\/\/cofecon.org.br\/cofecon\/index.php?rest_route=\/wp\/v2\/posts\/26386"}],"collection":[{"href":"https:\/\/cofecon.org.br\/cofecon\/index.php?rest_route=\/wp\/v2\/posts"}],"about":[{"href":"https:\/\/cofecon.org.br\/cofecon\/index.php?rest_route=\/wp\/v2\/types\/post"}],"author":[{"embeddable":true,"href":"https:\/\/cofecon.org.br\/cofecon\/index.php?rest_route=\/wp\/v2\/users\/3"}],"replies":[{"embeddable":true,"href":"https:\/\/cofecon.org.br\/cofecon\/index.php?rest_route=%2Fwp%2Fv2%2Fcomments&post=26386"}],"version-history":[{"count":1,"href":"https:\/\/cofecon.org.br\/cofecon\/index.php?rest_route=\/wp\/v2\/posts\/26386\/revisions"}],"predecessor-version":[{"id":26387,"href":"https:\/\/cofecon.org.br\/cofecon\/index.php?rest_route=\/wp\/v2\/posts\/26386\/revisions\/26387"}],"wp:featuredmedia":[{"embeddable":true,"href":"https:\/\/cofecon.org.br\/cofecon\/index.php?rest_route=\/wp\/v2\/media\/26415"}],"wp:attachment":[{"href":"https:\/\/cofecon.org.br\/cofecon\/index.php?rest_route=%2Fwp%2Fv2%2Fmedia&parent=26386"}],"wp:term":[{"taxonomy":"category","embeddable":true,"href":"https:\/\/cofecon.org.br\/cofecon\/index.php?rest_route=%2Fwp%2Fv2%2Fcategories&post=26386"},{"taxonomy":"post_tag","embeddable":true,"href":"https:\/\/cofecon.org.br\/cofecon\/index.php?rest_route=%2Fwp%2Fv2%2Ftags&post=26386"}],"curies":[{"name":"wp","href":"https:\/\/api.w.org\/{rel}","templated":true}]}}