{"id":26380,"date":"2025-10-11T14:51:11","date_gmt":"2025-10-11T17:51:11","guid":{"rendered":"https:\/\/cofecon.org.br\/cofecon\/?p=26380"},"modified":"2025-10-11T15:28:40","modified_gmt":"2025-10-11T18:28:40","slug":"xxvi-cbe-o-novo-bndes-e-o-desafio-de-financiar-o-futuro-sustentavel-do-brasil","status":"publish","type":"post","link":"https:\/\/cofecon.org.br\/cofecon\/?p=26380","title":{"rendered":"XXVI CBE: O novo BNDES e o desafio de financiar o futuro sustent\u00e1vel do Brasil"},"content":{"rendered":"\n<p><em>Na palestra magna do evento, Gabriel Ferraz Aidar apresentou a vis\u00e3o estrat\u00e9gica do banco para combinar cr\u00e9dito, garantias e inova\u00e7\u00e3o na promo\u00e7\u00e3o do desenvolvimento equilibrado e de longo prazo<\/em><\/p>\n\n\n\n<p>O economista Gabriel Ferraz Aidar, superintendente da \u00e1rea de Planejamento e Pesquisa Econ\u00f4mica do BNDES, foi o respons\u00e1vel pela palestra magna no XXVI Congresso Brasileiro de Economia. Ele abordou o papel que o banco vem exercendo para promover transpar\u00eancia e inova\u00e7\u00e3o em sua atua\u00e7\u00e3o, bem como sua import\u00e2ncia no suporte ao desenvolvimento nacional. Aidar tra\u00e7ou uma linha hist\u00f3rica at\u00e9 os desafios contempor\u00e2neos, destacando a evolu\u00e7\u00e3o e as novas atribui\u00e7\u00f5es do banco p\u00fablico no contexto de crise clim\u00e1tica, desigualdades regionais e necessidade de moderniza\u00e7\u00e3o institucional.<\/p>\n\n\n\n<p>\u201cHoje o BNDES \u00e9 um aqu\u00e1rio\u201d. Com essa frase, Aidar enfatizou o compromisso do banco com mais visibilidade e responsabilidade em suas a\u00e7\u00f5es, especialmente com instrumentos que possam alavancar a transi\u00e7\u00e3o energ\u00e9tica e promover impactos positivos na sociedade. Ele lembrou tamb\u00e9m que o BNDES \u201cfoi e \u00e9 a casa de grandes economistas\u201d, citando nomes hist\u00f3ricos como In\u00e1cio Rangel e Roberto Campos, e destacou que, al\u00e9m de atuar como institui\u00e7\u00e3o de cr\u00e9dito e financiamento, a institui\u00e7\u00e3o \u00e9 \u201cum banco de ideias para o pa\u00eds\u201d.<\/p>\n\n\n\n<p>Em sua exposi\u00e7\u00e3o, Aidar apresentou n\u00fameros que refletem a amplitude do papel do banco, como aportes recentes em iniciativas de energia renov\u00e1vel, editais para transi\u00e7\u00e3o energ\u00e9tica, a atua\u00e7\u00e3o em garantias e participa\u00e7\u00e3o outras atividades. \u201cO BNDES lan\u00e7ou um edital focando na transi\u00e7\u00e3o energ\u00e9tica. Voltou a investir diretamente em empresas (a partir de fundos garantidores)\u201d, contou Aidar. Ele tamb\u00e9m ressaltou que, diante de desastres naturais \u2014 como as enchentes ocorridas em 2024 no Rio Grande do Sul \u2014, o banco teve importante atua\u00e7\u00e3o para apoiar o estado.<\/p>\n\n\n\n<p>Por fim, olhando para o futuro, Aidar indicou que o banco ir\u00e1 continuar expandindo sua atua\u00e7\u00e3o em setores estrat\u00e9gicos, combinando pol\u00edticas p\u00fablicas, mercado e inova\u00e7\u00e3o. \u201cO novo BNDES precisa focar na transi\u00e7\u00e3o energ\u00e9tica, sendo o principal banco que financia energias renov\u00e1veis; hoje o banco est\u00e1 na fronteira da transi\u00e7\u00e3o energ\u00e9tica, com o hidrog\u00eanio verde\u201d. Ele lembrou ainda que iniciativas como o Fundo Clima v\u00eam ganhando escala. \u201cEm 2024 o Fundo Clima mudou de patamar, gra\u00e7as ao desenho de capta\u00e7\u00e3o sustent\u00e1vel. As opera\u00e7\u00f5es aprovadas em 2024 removeram da atmosfera mais de 86 milh\u00f5es de toneladas de CO2 equivalente ao longo da vida \u00fatil dos empreendimentos\u201d. Aidar tamb\u00e9m frisou que isso se d\u00e1 por meio de parcerias com o mercado, participa\u00e7\u00e3o em fundos e instrumentos de cr\u00e9dito, garantias, financiamentos n\u00e3o reembols\u00e1veis e servi\u00e7os para moderniza\u00e7\u00e3o de estatais e infraestrutura.<\/p>\n\n\n\n<p><strong>XXVI Congresso Brasileiro de Economia<\/strong><\/p>\n\n\n\n<p>O Congresso Brasileiro de Economia ocorreu de 06 a 10 de outubro no Plaza S\u00e3o Rafael Hotel, em Porto Alegre, com o tema \u201cDesenvolvimento Sustent\u00e1vel: Reconstru\u00e7\u00e3o, Desafios e Oportunidades\u201d. O evento reuniu cerca de 50 especialistas e 500 participantes (online e presencial) em torno de grandes temas que impactam o futuro do pa\u00eds, como reforma tribut\u00e1ria, mudan\u00e7as clim\u00e1ticas, com\u00e9rcio internacional, agroneg\u00f3cio, desigualdades regionais, inova\u00e7\u00e3o, economia comportamental, educa\u00e7\u00e3o financeira e o papel do Estado na neoindustrializa\u00e7\u00e3o. A promo\u00e7\u00e3o foi do Cofecon, em parceria com o Corecon\/RS.<\/p>\n\n\n\n<p>O evento contou com o patroc\u00ednio do Banco Nacional de Desenvolvimento Econ\u00f4mico e Social (BNDES), Vero\/Banrisul, Banco Regional de Desenvolvimento do Extremo Sul (BRDE), Monte Bravo Investimentos, Conselhos Regionais de Economia de S\u00e3o Paulo, Mato Grosso do Sul, Pernambuco, Paran\u00e1 e Rio de Janeiro.<\/p>\n\n\n\n<p><\/p>\n","protected":false},"excerpt":{"rendered":"<p>Na palestra magna do evento, Gabriel Ferraz Aidar apresentou a vis\u00e3o estrat\u00e9gica do banco para combinar cr\u00e9dito, garantias e inova\u00e7\u00e3o na promo\u00e7\u00e3o do desenvolvimento equilibrado e de longo prazo O economista Gabriel Ferraz Aidar, superintendente da \u00e1rea de Planejamento e<\/p>\n<p><a class=\"more-link\" href=\"https:\/\/cofecon.org.br\/cofecon\/?p=26380\">Leia Mais<\/a><\/p>\n","protected":false},"author":3,"featured_media":26439,"comment_status":"closed","ping_status":"closed","sticky":false,"template":"","format":"standard","meta":{"footnotes":""},"categories":[2],"tags":[],"class_list":["post-26380","post","type-post","status-publish","format-standard","has-post-thumbnail","hentry","category-noticias"],"_links":{"self":[{"href":"https:\/\/cofecon.org.br\/cofecon\/index.php?rest_route=\/wp\/v2\/posts\/26380"}],"collection":[{"href":"https:\/\/cofecon.org.br\/cofecon\/index.php?rest_route=\/wp\/v2\/posts"}],"about":[{"href":"https:\/\/cofecon.org.br\/cofecon\/index.php?rest_route=\/wp\/v2\/types\/post"}],"author":[{"embeddable":true,"href":"https:\/\/cofecon.org.br\/cofecon\/index.php?rest_route=\/wp\/v2\/users\/3"}],"replies":[{"embeddable":true,"href":"https:\/\/cofecon.org.br\/cofecon\/index.php?rest_route=%2Fwp%2Fv2%2Fcomments&post=26380"}],"version-history":[{"count":2,"href":"https:\/\/cofecon.org.br\/cofecon\/index.php?rest_route=\/wp\/v2\/posts\/26380\/revisions"}],"predecessor-version":[{"id":26428,"href":"https:\/\/cofecon.org.br\/cofecon\/index.php?rest_route=\/wp\/v2\/posts\/26380\/revisions\/26428"}],"wp:featuredmedia":[{"embeddable":true,"href":"https:\/\/cofecon.org.br\/cofecon\/index.php?rest_route=\/wp\/v2\/media\/26439"}],"wp:attachment":[{"href":"https:\/\/cofecon.org.br\/cofecon\/index.php?rest_route=%2Fwp%2Fv2%2Fmedia&parent=26380"}],"wp:term":[{"taxonomy":"category","embeddable":true,"href":"https:\/\/cofecon.org.br\/cofecon\/index.php?rest_route=%2Fwp%2Fv2%2Fcategories&post=26380"},{"taxonomy":"post_tag","embeddable":true,"href":"https:\/\/cofecon.org.br\/cofecon\/index.php?rest_route=%2Fwp%2Fv2%2Ftags&post=26380"}],"curies":[{"name":"wp","href":"https:\/\/api.w.org\/{rel}","templated":true}]}}