{"id":26371,"date":"2025-10-10T14:27:44","date_gmt":"2025-10-10T17:27:44","guid":{"rendered":"https:\/\/cofecon.org.br\/cofecon\/?p=26371"},"modified":"2025-10-10T14:27:45","modified_gmt":"2025-10-10T17:27:45","slug":"xxvi-cbe-cenario-economico-e-geopolitico-mundial","status":"publish","type":"post","link":"https:\/\/cofecon.org.br\/cofecon\/?p=26371","title":{"rendered":"XXVI CBE: Cen\u00e1rio econ\u00f4mico e geopol\u00edtico mundial"},"content":{"rendered":"\n<p>Painel debate desglobaliza\u00e7\u00e3o, tarifa\u00e7o de Trump e novos arranjos de poder internacional<\/p>\n\n\n\n<p>O painel Rela\u00e7\u00f5es Econ\u00f4micas Internacionais &#8211; Cen\u00e1rio Econ\u00f4mico e Geopol\u00edtico Mundial com o Tarifa\u00e7o promovido por Trump analisou tend\u00eancias recentes da economia global e seus impactos nas rela\u00e7\u00f5es internacionais. Com abordagens complementares, os economistas Andr\u00e9 Azevedo e Mauro Salvo trouxeram perspectivas cr\u00edticas sobre a din\u00e2mica do com\u00e9rcio internacional, o retorno do protecionismo, o papel dos EUA e a disputa de hegemonia no mundo multipolar.<\/p>\n\n\n\n<p>Azevedo destacou que as transforma\u00e7\u00f5es estruturais da economia mundial que resultaram na globaliza\u00e7\u00e3o remontam \u00e0s d\u00e9cadas de 1970 e 1980, com o avan\u00e7o da automa\u00e7\u00e3o e das cadeias globais de valor. \u201cA automa\u00e7\u00e3o levou \u00e0 substitui\u00e7\u00e3o de trabalhadores menos qualificados por capital e abriu espa\u00e7o para um modelo produtivo globalizado, no qual empresas passaram a deslocar etapas produtivas para pa\u00edses com baixos custos e crescente capacidade tecnol\u00f3gica\u201d, afirmou. Segundo ele, esse processo foi viabilizado pela revolu\u00e7\u00e3o das tecnologias da informa\u00e7\u00e3o, que impulsionou a globaliza\u00e7\u00e3o produtiva e o com\u00e9rcio interindustrial entre Norte e Sul.<\/p>\n\n\n\n<p>Azevedo tamb\u00e9m analisou o movimento de revers\u00e3o da globaliza\u00e7\u00e3o observado desde eventos como a crise de 2008, o Brexit e a elei\u00e7\u00e3o de Donald Trump em 2016. \u201cEstamos vivendo o fim do per\u00edodo conhecido como hiperglobaliza\u00e7\u00e3o. Desde 2020 o com\u00e9rcio mundial n\u00e3o cresce mais do que o PIB global, algo in\u00e9dito desde a Segunda Guerra Mundial\u201d, destacou. Ao comentar as tarifas comerciais implementadas pelo ex-presidente Donald Trump, foi enf\u00e1tico: \u201cO tarifa\u00e7o n\u00e3o tem suporte t\u00e9cnico. Nenhum argumento protecionista justifica uma prote\u00e7\u00e3o t\u00e3o ampla e irrestrita como a proposta pelos EUA. Trata-se de uma resposta equivocada para um problema real\u201d, concluiu. Ele citou ainda que as tarifas est\u00e3o associadas \u00e0 \u201cdoutrina da m\u00e1goa\u201d, segundo a qual uma Am\u00e9rica gentil seguiu as regras e foi tra\u00edda por seus parceiros comerciais, e que esta doutrina seria um mandato para parar com a \u201cexplora\u00e7\u00e3o estrangeira\u201d, punindo quem traiu os Estados Unidos.<\/p>\n\n\n\n<p>O economista Mauro Salvo explicou que sua fala reflete a posi\u00e7\u00e3o pessoal, e n\u00e3o da institui\u00e7\u00e3o em que trabalha, e trouxe uma reflex\u00e3o geopol\u00edtica sobre os impactos da guerra comercial entre Estados Unidos e China e os efeitos do isolacionismo econ\u00f4mico norte-americano. \u201cCom as novas tarifas, Trump abandona a negocia\u00e7\u00e3o multilateral e parte para uma estrat\u00e9gia de disputa bilateral na qual os EUA se sentem mais fortes para impor condi\u00e7\u00f5es\u201d, explicou. Para ele, esse movimento amea\u00e7a corroer o sistema internacional constru\u00eddo ao longo de d\u00e9cadas. \u201cEssa postura rompe com institui\u00e7\u00f5es criadas para reduzir custos e promover coopera\u00e7\u00e3o, e tende a gerar rea\u00e7\u00f5es estrat\u00e9gicas de outros pa\u00edses na forma\u00e7\u00e3o de novos blocos econ\u00f4micos\u201d, afirmou.<\/p>\n\n\n\n<p>Salvo tamb\u00e9m argumentou que a interdepend\u00eancia econ\u00f4mica entre na\u00e7\u00f5es est\u00e1 sendo redesenhada. \u201cTodos os pa\u00edses que foram tarifados pelos EUA, inclusive o Brasil, v\u00e3o buscar novos parceiros comerciais e, ao mesmo tempo, fortalecer suas cadeias produtivas internas\u201d, avaliou. Ele encerrou destacando o papel da pol\u00edtica dom\u00e9stica nas decis\u00f5es internacionais, com base na teoria dos jogos de dois n\u00edveis de Robert Putnam: \u201cN\u00e3o h\u00e1 pol\u00edtica externa sem c\u00e1lculo interno. Toda decis\u00e3o no cen\u00e1rio internacional precisa ser ratificada pela opini\u00e3o p\u00fablica e pelos interesses dom\u00e9sticos\u201d, concluiu.<\/p>\n\n\n\n<p><strong>XXVI Congresso Brasileiro de Economia<\/strong><\/p>\n\n\n\n<p>O Congresso Brasileiro de Economia ocorreu de 06 a 10 de outubro no Plaza S\u00e3o Rafael Hotel, em Porto Alegre, com o tema \u201cDesenvolvimento Sustent\u00e1vel: Reconstru\u00e7\u00e3o, Desafios e Oportunidades\u201d. O evento reuniu cerca de 50 especialistas e 500 participantes (online e presencial) em torno de grandes temas que impactam o futuro do pa\u00eds, como reforma tribut\u00e1ria, mudan\u00e7as clim\u00e1ticas, com\u00e9rcio internacional, agroneg\u00f3cio, desigualdades regionais, inova\u00e7\u00e3o, economia comportamental, educa\u00e7\u00e3o financeira e o papel do Estado na neoindustrializa\u00e7\u00e3o. A promo\u00e7\u00e3o foi do Cofecon, em parceria com o Corecon\/RS.<\/p>\n\n\n\n<p>O evento contou com o patroc\u00ednio do Banco Nacional de Desenvolvimento Econ\u00f4mico e Social (BNDES), Vero\/Banrisul, Banco Regional de Desenvolvimento do Extremo Sul (BRDE), Monte Bravo Investimentos, Conselhos Regionais de Economia de S\u00e3o Paulo, Mato Grosso do Sul, Pernambuco, Paran\u00e1 e Rio de Janeiro.<\/p>\n","protected":false},"excerpt":{"rendered":"<p>Painel debate desglobaliza\u00e7\u00e3o, tarifa\u00e7o de Trump e novos arranjos de poder internacional O painel Rela\u00e7\u00f5es Econ\u00f4micas Internacionais &#8211; Cen\u00e1rio Econ\u00f4mico e Geopol\u00edtico Mundial com o Tarifa\u00e7o promovido por Trump analisou tend\u00eancias recentes da economia global e seus impactos nas rela\u00e7\u00f5es<\/p>\n<p><a class=\"more-link\" href=\"https:\/\/cofecon.org.br\/cofecon\/?p=26371\">Leia Mais<\/a><\/p>\n","protected":false},"author":3,"featured_media":26405,"comment_status":"closed","ping_status":"closed","sticky":false,"template":"","format":"standard","meta":{"footnotes":""},"categories":[2],"tags":[],"class_list":["post-26371","post","type-post","status-publish","format-standard","has-post-thumbnail","hentry","category-noticias"],"_links":{"self":[{"href":"https:\/\/cofecon.org.br\/cofecon\/index.php?rest_route=\/wp\/v2\/posts\/26371"}],"collection":[{"href":"https:\/\/cofecon.org.br\/cofecon\/index.php?rest_route=\/wp\/v2\/posts"}],"about":[{"href":"https:\/\/cofecon.org.br\/cofecon\/index.php?rest_route=\/wp\/v2\/types\/post"}],"author":[{"embeddable":true,"href":"https:\/\/cofecon.org.br\/cofecon\/index.php?rest_route=\/wp\/v2\/users\/3"}],"replies":[{"embeddable":true,"href":"https:\/\/cofecon.org.br\/cofecon\/index.php?rest_route=%2Fwp%2Fv2%2Fcomments&post=26371"}],"version-history":[{"count":1,"href":"https:\/\/cofecon.org.br\/cofecon\/index.php?rest_route=\/wp\/v2\/posts\/26371\/revisions"}],"predecessor-version":[{"id":26372,"href":"https:\/\/cofecon.org.br\/cofecon\/index.php?rest_route=\/wp\/v2\/posts\/26371\/revisions\/26372"}],"wp:featuredmedia":[{"embeddable":true,"href":"https:\/\/cofecon.org.br\/cofecon\/index.php?rest_route=\/wp\/v2\/media\/26405"}],"wp:attachment":[{"href":"https:\/\/cofecon.org.br\/cofecon\/index.php?rest_route=%2Fwp%2Fv2%2Fmedia&parent=26371"}],"wp:term":[{"taxonomy":"category","embeddable":true,"href":"https:\/\/cofecon.org.br\/cofecon\/index.php?rest_route=%2Fwp%2Fv2%2Fcategories&post=26371"},{"taxonomy":"post_tag","embeddable":true,"href":"https:\/\/cofecon.org.br\/cofecon\/index.php?rest_route=%2Fwp%2Fv2%2Ftags&post=26371"}],"curies":[{"name":"wp","href":"https:\/\/api.w.org\/{rel}","templated":true}]}}