{"id":26363,"date":"2025-10-10T13:31:33","date_gmt":"2025-10-10T16:31:33","guid":{"rendered":"https:\/\/cofecon.org.br\/cofecon\/?p=26363"},"modified":"2025-10-10T13:31:34","modified_gmt":"2025-10-10T16:31:34","slug":"xxvi-cbe-o-futuro-do-trabalho-e-a-disputa-de-futuro","status":"publish","type":"post","link":"https:\/\/cofecon.org.br\/cofecon\/?p=26363","title":{"rendered":"XXVI CBE: O futuro do trabalho e a disputa de futuro"},"content":{"rendered":"\n<p><em>Na mesa de debates sobre trabalho, Marcio Pochmann e Marcelo Manzano refletiram sobre as transforma\u00e7\u00f5es estruturais do emprego, os desafios da era digital e o papel do Estado na promo\u00e7\u00e3o de trabalho decente e inclus\u00e3o produtiva<\/em><\/p>\n\n\n\n<p>As transforma\u00e7\u00f5es do mundo do trabalho e os desafios para garantir emprego e renda em um cen\u00e1rio de mudan\u00e7as profundas foram tema de uma mesa de debates durante o XXVI Congresso Brasileiro de Economia. Marcio Pochmann, presidente do Instituto Brasileiro de Geografia e Estat\u00edstica (IBGE), e Marcelo Manzano, professor da Universidade Estadual de Campinas, discutiram as novas formas de trabalho, a crescente financeiriza\u00e7\u00e3o da economia e a necessidade de pol\u00edticas p\u00fablicas que defendam a vida, a dignidade e a sa\u00fade mental dos trabalhadores em meio \u00e0 busca por produtividade e lucro.<\/p>\n\n\n\n<p>\u201cVivemos uma mudan\u00e7a de \u00e9poca que redefine completamente o sentido do trabalho\u201d, afirmou o presidente do IBGE. O economista destacou que a sociedade brasileira enfrenta o desafio de compreender as novas formas de ocupa\u00e7\u00e3o em um contexto dominado pela tecnologia e pela individualiza\u00e7\u00e3o. \u201cH\u00e1 uma \u00eanfase muito grande na individualiza\u00e7\u00e3o dos problemas e uma identidade que se conforma a partir de crit\u00e9rios muito diferentes do que se pensava no passado. Estamos prisioneiros do presente e, com isso, cancelando o futuro\u201d, observou. Ele lembrou que a classe trabalhadora que formar\u00e1 o Brasil de 2050 \u201cj\u00e1 nasceu\u201d \u2014 e que sete em cada dez dessas crian\u00e7as vieram de fam\u00edlias miser\u00e1veis. \u201cComo enfrentar a quest\u00e3o racial e a desigualdade estrutural num pa\u00eds que n\u00e3o est\u00e1 pensando o futuro?\u201d, questionou.<\/p>\n\n\n\n<p>Pochmann tamb\u00e9m comparou o momento atual a outros per\u00edodos de virada hist\u00f3rica, como a aboli\u00e7\u00e3o da escravid\u00e3o e a Revolu\u00e7\u00e3o de 1930. \u201cA cada mudan\u00e7a de \u00e9poca, h\u00e1 uma disputa sobre o futuro. Hoje, o que est\u00e1 em jogo \u00e9 como lidar com o avan\u00e7o tecnol\u00f3gico, com o trabalho morto das m\u00e1quinas e o trabalho n\u00e3o pago que realizamos diariamente\u201d, analisou. O economista defendeu que o pa\u00eds retome o debate sobre uma \u201cCLT da era digital\u201d, capaz de proteger os trabalhadores das plataformas e novas formas de ocupa\u00e7\u00e3o. \u201cH\u00e1 milh\u00f5es de brasileiros gerando renda nas redes sociais, fora das estat\u00edsticas formais. Precisamos repensar o conceito de trabalho e quem se apropria do valor produzido na economia digital\u201d, concluiu.<\/p>\n\n\n\n<p>J\u00e1 o economista Marcelo Manzano estruturou sua an\u00e1lise a partir das diferentes dimens\u00f5es em que o trabalho e o emprego ocorrem no Brasil. \u201cTemos quatro grandes segmentos: o n\u00facleo tipicamente capitalista, a administra\u00e7\u00e3o p\u00fablica, os arranjos econ\u00f4micos de subsist\u00eancia e as ocupa\u00e7\u00f5es sociais\u201d, explicou. O primeiro, segundo ele, historicamente liderou o crescimento capitalista e abrigou os empregos de melhor qualidade, mas hoje est\u00e1 cada vez menos industrial e mais dominado pelas finan\u00e7as e plataformas digitais. \u201cA baixa capacidade de gera\u00e7\u00e3o de postos de trabalho e o descompasso com as demandas da transi\u00e7\u00e3o ecol\u00f3gica revelam os limites desse modelo\u201d, afirmou.<\/p>\n\n\n\n<p>Manzano destacou que o avan\u00e7o das plataformas digitais vem subordinando at\u00e9 mesmo atividades de subsist\u00eancia, como pequenos neg\u00f3cios familiares e servi\u00e7os dom\u00e9sticos, \u00e0s l\u00f3gicas de acumula\u00e7\u00e3o do capital financeiro. \u201cO Airbnb \u00e9 um exemplo de como o capital financeiro acumulando valor a partir do patrim\u00f4nio dos outros, algo que n\u00e3o era alcan\u00e7\u00e1vel pelo capital at\u00e9 a digitaliza\u00e7\u00e3o\u201d, exemplificou. O economista apontou que, diante do encolhimento das oportunidades no setor privado e das restri\u00e7\u00f5es fiscais que travam o setor p\u00fablico, \u00e9 nas ocupa\u00e7\u00f5es sociais \u2014 como cultura, preserva\u00e7\u00e3o ambiental, cuidados, esporte e lazer \u2014 que reside um potencial de expans\u00e3o do trabalho decente. \u201cEssas atividades produzem bem-estar, pertencimento e bens p\u00fablicos. O Estado poderia liderar uma pol\u00edtica de emprego inclusiva, abrindo vagas, por exemplo, para pessoas com defici\u00eancia e outros grupos com dificuldade de inser\u00e7\u00e3o no mercado de trabalho\u201d, prop\u00f4s.<\/p>\n\n\n\n<p><strong>XXVI Congresso Brasileiro de Economia<\/strong><\/p>\n\n\n\n<p>O Congresso Brasileiro de Economia ocorreu de 06 a 10 de outubro no Plaza S\u00e3o Rafael Hotel, em Porto Alegre, com o tema \u201cDesenvolvimento Sustent\u00e1vel: Reconstru\u00e7\u00e3o, Desafios e Oportunidades\u201d. O evento reuniu cerca de 50 especialistas e 500 participantes (online e presencial) em torno de grandes temas que impactam o futuro do pa\u00eds, como reforma tribut\u00e1ria, mudan\u00e7as clim\u00e1ticas, com\u00e9rcio internacional, agroneg\u00f3cio, desigualdades regionais, inova\u00e7\u00e3o, economia comportamental, educa\u00e7\u00e3o financeira e o papel do Estado na neoindustrializa\u00e7\u00e3o. A promo\u00e7\u00e3o foi do Cofecon, em parceria com o Corecon\/RS.<\/p>\n\n\n\n<p>O evento contou com o patroc\u00ednio do Banco Nacional de Desenvolvimento Econ\u00f4mico e Social (BNDES), Vero\/Banrisul, Banco Regional de Desenvolvimento do Extremo Sul (BRDE), Monte Bravo Investimentos, Conselhos Regionais de Economia de S\u00e3o Paulo, Mato Grosso do Sul, Pernambuco, Paran\u00e1 e&nbsp;Rio&nbsp;de&nbsp;Janeiro.<\/p>\n","protected":false},"excerpt":{"rendered":"<p>Na mesa de debates sobre trabalho, Marcio Pochmann e Marcelo Manzano refletiram sobre as transforma\u00e7\u00f5es estruturais do emprego, os desafios da era digital e o papel do Estado na promo\u00e7\u00e3o de trabalho decente e inclus\u00e3o produtiva As transforma\u00e7\u00f5es do mundo<\/p>\n<p><a class=\"more-link\" href=\"https:\/\/cofecon.org.br\/cofecon\/?p=26363\">Leia Mais<\/a><\/p>\n","protected":false},"author":3,"featured_media":26400,"comment_status":"closed","ping_status":"closed","sticky":false,"template":"","format":"standard","meta":{"footnotes":""},"categories":[2],"tags":[],"class_list":["post-26363","post","type-post","status-publish","format-standard","has-post-thumbnail","hentry","category-noticias"],"_links":{"self":[{"href":"https:\/\/cofecon.org.br\/cofecon\/index.php?rest_route=\/wp\/v2\/posts\/26363"}],"collection":[{"href":"https:\/\/cofecon.org.br\/cofecon\/index.php?rest_route=\/wp\/v2\/posts"}],"about":[{"href":"https:\/\/cofecon.org.br\/cofecon\/index.php?rest_route=\/wp\/v2\/types\/post"}],"author":[{"embeddable":true,"href":"https:\/\/cofecon.org.br\/cofecon\/index.php?rest_route=\/wp\/v2\/users\/3"}],"replies":[{"embeddable":true,"href":"https:\/\/cofecon.org.br\/cofecon\/index.php?rest_route=%2Fwp%2Fv2%2Fcomments&post=26363"}],"version-history":[{"count":1,"href":"https:\/\/cofecon.org.br\/cofecon\/index.php?rest_route=\/wp\/v2\/posts\/26363\/revisions"}],"predecessor-version":[{"id":26364,"href":"https:\/\/cofecon.org.br\/cofecon\/index.php?rest_route=\/wp\/v2\/posts\/26363\/revisions\/26364"}],"wp:featuredmedia":[{"embeddable":true,"href":"https:\/\/cofecon.org.br\/cofecon\/index.php?rest_route=\/wp\/v2\/media\/26400"}],"wp:attachment":[{"href":"https:\/\/cofecon.org.br\/cofecon\/index.php?rest_route=%2Fwp%2Fv2%2Fmedia&parent=26363"}],"wp:term":[{"taxonomy":"category","embeddable":true,"href":"https:\/\/cofecon.org.br\/cofecon\/index.php?rest_route=%2Fwp%2Fv2%2Fcategories&post=26363"},{"taxonomy":"post_tag","embeddable":true,"href":"https:\/\/cofecon.org.br\/cofecon\/index.php?rest_route=%2Fwp%2Fv2%2Ftags&post=26363"}],"curies":[{"name":"wp","href":"https:\/\/api.w.org\/{rel}","templated":true}]}}